{"id":222543,"date":"2025-08-15T18:00:00","date_gmt":"2025-08-15T21:00:00","guid":{"rendered":"https:\/\/corrientesdetarde.com\/?p=222543"},"modified":"2025-08-15T17:47:17","modified_gmt":"2025-08-15T20:47:17","slug":"teresa-parodi-desmintio-que-sea-candidata-a-diputada-por-corrientes","status":"publish","type":"post","link":"https:\/\/corrientesdetarde.com\/index.php\/politica\/teresa-parodi-desmintio-que-sea-candidata-a-diputada-por-corrientes\/","title":{"rendered":"Teresa Parodi desminti\u00f3 que sea candidata a diputada por Corrientes."},"content":{"rendered":"\n<h2 class=\"wp-block-heading\">La reconocida artista y ex ministra de Cultura sali\u00f3 al cruce de los rumores que la ubicaban como candidata a legisladora nacional.<\/h2>\n\n\n\n<p>Durante una entrevista, la ex ministra de Cultura de la Naci\u00f3n Teresa Parodi, neg\u00f3 de forma &#8220;categ\u00f3rica&#8221; que vaya a ser candidata a diputada nacional por Corrientes, y aprovech\u00f3 la ocasi\u00f3n para criticar el fen\u00f3meno de las &#8220;noticias falsas&#8221; que, seg\u00fan ella, confunden a la gente.<\/p>\n\n\n\n<p>&#8220;Yo despert\u00e9 tan sorprendida hoy con toda esa informaci\u00f3n que por supuesto me lleg\u00f3 por distintos lugares y que desmiento categ\u00f3ricamente. Eso es una noticia falsa, no s\u00e9 de d\u00f3nde sali\u00f3 eso, es absolutamente infundado&#8221;, sostuvo Parodi al canal 5TV.<\/p>\n\n\n\n<p>La artista afirm\u00f3 que &#8220;nunca, jam\u00e1s&#8221; recibi\u00f3 una propuesta de este tipo y que, en caso de haberla recibido, no la hubiera aceptado.<\/p>\n\n\n\n<p>La ex ministra de Cultura explic\u00f3 que su paso por la gesti\u00f3n p\u00fablica fue corto, de un a\u00f1o y ocho meses, y que fue una experiencia &#8220;hermosa&#8221; porque se sinti\u00f3 &#8220;capacitada para hacer una gesti\u00f3n cultural&#8221;, pero que su vocaci\u00f3n es el trabajo art\u00edstico.<\/p>\n","protected":false},"excerpt":{"rendered":"<p>La reconocida artista y ex ministra de Cultura sali\u00f3 al cruce de los rumores que la ubicaban como candidata a legisladora nacional. Durante una entrevista, la ex ministra de Cultura&hellip; <\/p>\n","protected":false},"author":6,"featured_media":222550,"comment_status":"closed","ping_status":"open","sticky":false,"template":"","format":"standard","meta":{"footnotes":""},"categories":[3],"tags":[],"class_list":["post-222543","post","type-post","status-publish","format-standard","has-post-thumbnail","hentry","category-politica"],"_links":{"self":[{"href":"https:\/\/corrientesdetarde.com\/index.php\/wp-json\/wp\/v2\/posts\/222543","targetHints":{"allow":["GET"]}}],"collection":[{"href":"https:\/\/corrientesdetarde.com\/index.php\/wp-json\/wp\/v2\/posts"}],"about":[{"href":"https:\/\/corrientesdetarde.com\/index.php\/wp-json\/wp\/v2\/types\/post"}],"author":[{"embeddable":true,"href":"https:\/\/corrientesdetarde.com\/index.php\/wp-json\/wp\/v2\/users\/6"}],"replies":[{"embeddable":true,"href":"https:\/\/corrientesdetarde.com\/index.php\/wp-json\/wp\/v2\/comments?post=222543"}],"version-history":[{"count":1,"href":"https:\/\/corrientesdetarde.com\/index.php\/wp-json\/wp\/v2\/posts\/222543\/revisions"}],"predecessor-version":[{"id":222551,"href":"https:\/\/corrientesdetarde.com\/index.php\/wp-json\/wp\/v2\/posts\/222543\/revisions\/222551"}],"wp:featuredmedia":[{"embeddable":true,"href":"https:\/\/corrientesdetarde.com\/index.php\/wp-json\/wp\/v2\/media\/222550"}],"wp:attachment":[{"href":"https:\/\/corrientesdetarde.com\/index.php\/wp-json\/wp\/v2\/media?parent=222543"}],"wp:term":[{"taxonomy":"category","embeddable":true,"href":"https:\/\/corrientesdetarde.com\/index.php\/wp-json\/wp\/v2\/categories?post=222543"},{"taxonomy":"post_tag","embeddable":true,"href":"https:\/\/corrientesdetarde.com\/index.php\/wp-json\/wp\/v2\/tags?post=222543"}],"curies":[{"name":"wp","href":"https:\/\/api.w.org\/{rel}","templated":true}]}}