{"id":222544,"date":"2025-08-15T17:50:00","date_gmt":"2025-08-15T20:50:00","guid":{"rendered":"https:\/\/corrientesdetarde.com\/?p=222544"},"modified":"2025-08-16T19:23:40","modified_gmt":"2025-08-16T22:23:40","slug":"un-correntino-fallecio-en-un-accidente-y-salvo-a-cinco-vidas-gracias-a-la-donacion-de-organos","status":"publish","type":"post","link":"https:\/\/corrientesdetarde.com\/index.php\/locales\/un-correntino-fallecio-en-un-accidente-y-salvo-a-cinco-vidas-gracias-a-la-donacion-de-organos\/","title":{"rendered":"Un correntino falleci\u00f3 en un accidente y salv\u00f3 a cinco vidas gracias a la donaci\u00f3n de \u00f3rganos."},"content":{"rendered":"\n<h2 class=\"wp-block-heading\">Carlos Borda ten\u00eda 22 a\u00f1os cuando perdi\u00f3 la vida tras un siniestro vial sobre Ruta Nacional 12, frente a la Eragia. A trav\u00e9s de redes sociales, su familia comparti\u00f3 el momento en que sus \u00f3rganos eran trasladados para salvar otras vidas. &#8220;Aplausos para nuestro h\u00e9roe&#8221;, comentaron.<\/h2>\n\n\n\n<p>Carlos Borda ten\u00eda 22 a\u00f1os. D\u00edas atr\u00e1s falleci\u00f3 tras un accidente de tr\u00e1nsito en inmediaciones de la Ruta Nacional N\u00b012. La familia del joven decidi\u00f3 donar las \u00f3rganos y a trav\u00e9s de redes sociales contaron que lograron salvar cinco vidas.<\/p>\n\n\n\n<p>Su hermana, Ayel\u00e9n, comparti\u00f3 la noticia: &#8220;Gracias a Carlos, posibilit\u00f3 a trav\u00e9s de la donaci\u00f3n de sus \u00f3rganos que cinco personas pudieran mejorar su calidad de vida&#8221;. Seg\u00fan indic\u00f3, el coraz\u00f3n fue a un paciente masculino de 16 a\u00f1os, de Capital Federal. El pulm\u00f3n fue a un paciente masculino de 68 a\u00f1os, de Capital Federal. El h\u00edgado fue a un paciente masculino de 61 a\u00f1os, de C\u00f3rdoba. El ri\u00f1\u00f3n derecho a un paciente masculino de 40 a\u00f1os, de corrientes. En tanto que el ri\u00f1\u00f3n izquierdo fue a un paciente femenino de 36 a\u00f1os, de Buenos Aires.&nbsp;<\/p>\n\n\n\n<p>&#8220;Aplausos para nuestro h\u00e9roe tan hermoso y bondadoso. Te amamos y te tendremos siempre en nuestros corazones&#8221;, escribi\u00f3 como parte de la emotiva despedida al joven.&nbsp;El operativo de ablaci\u00f3n se llev\u00f3 a cabo en el Hospital Escuela &#8220;Gral. San Mart\u00edn&#8221; y fue coordinado por el Centro \u00danico Coordinador de Ablaci\u00f3n e Implantes de Corrientes (CUCAICOR), en conjunto con equipos especializados del Garrahan, del Hospital Privado Universitario de C\u00f3rdoba, del Dr. Ren\u00e9 Favaloro y del propio CUCAICOR, adem\u00e1s de un amplio dispositivo de log\u00edstica que involucr\u00f3 a instituciones sanitarias, fuerzas de seguridad y transporte a\u00e9reo.<\/p>\n\n\n\n<p><\/p>\n","protected":false},"excerpt":{"rendered":"<p>Carlos Borda ten\u00eda 22 a\u00f1os cuando perdi\u00f3 la vida tras un siniestro vial sobre Ruta Nacional 12, frente a la Eragia. A trav\u00e9s de redes sociales, su familia comparti\u00f3 el&hellip; <\/p>\n","protected":false},"author":6,"featured_media":222546,"comment_status":"closed","ping_status":"open","sticky":false,"template":"","format":"standard","meta":{"footnotes":""},"categories":[8],"tags":[],"class_list":["post-222544","post","type-post","status-publish","format-standard","has-post-thumbnail","hentry","category-locales"],"_links":{"self":[{"href":"https:\/\/corrientesdetarde.com\/index.php\/wp-json\/wp\/v2\/posts\/222544","targetHints":{"allow":["GET"]}}],"collection":[{"href":"https:\/\/corrientesdetarde.com\/index.php\/wp-json\/wp\/v2\/posts"}],"about":[{"href":"https:\/\/corrientesdetarde.com\/index.php\/wp-json\/wp\/v2\/types\/post"}],"author":[{"embeddable":true,"href":"https:\/\/corrientesdetarde.com\/index.php\/wp-json\/wp\/v2\/users\/6"}],"replies":[{"embeddable":true,"href":"https:\/\/corrientesdetarde.com\/index.php\/wp-json\/wp\/v2\/comments?post=222544"}],"version-history":[{"count":1,"href":"https:\/\/corrientesdetarde.com\/index.php\/wp-json\/wp\/v2\/posts\/222544\/revisions"}],"predecessor-version":[{"id":222547,"href":"https:\/\/corrientesdetarde.com\/index.php\/wp-json\/wp\/v2\/posts\/222544\/revisions\/222547"}],"wp:featuredmedia":[{"embeddable":true,"href":"https:\/\/corrientesdetarde.com\/index.php\/wp-json\/wp\/v2\/media\/222546"}],"wp:attachment":[{"href":"https:\/\/corrientesdetarde.com\/index.php\/wp-json\/wp\/v2\/media?parent=222544"}],"wp:term":[{"taxonomy":"category","embeddable":true,"href":"https:\/\/corrientesdetarde.com\/index.php\/wp-json\/wp\/v2\/categories?post=222544"},{"taxonomy":"post_tag","embeddable":true,"href":"https:\/\/corrientesdetarde.com\/index.php\/wp-json\/wp\/v2\/tags?post=222544"}],"curies":[{"name":"wp","href":"https:\/\/api.w.org\/{rel}","templated":true}]}}