{"id":222548,"date":"2025-08-15T18:10:00","date_gmt":"2025-08-15T21:10:00","guid":{"rendered":"https:\/\/corrientesdetarde.com\/?p=222548"},"modified":"2025-08-15T18:01:27","modified_gmt":"2025-08-15T21:01:27","slug":"demoran-a-un-hombre-por-presunto-abigeato","status":"publish","type":"post","link":"https:\/\/corrientesdetarde.com\/index.php\/policiales\/demoran-a-un-hombre-por-presunto-abigeato\/","title":{"rendered":"Demoran a un hombre por presunto abigeato."},"content":{"rendered":"\n<h2 class=\"wp-block-heading\">La Polic\u00eda demor\u00f3 a un hombre que transportaba cortes de carne vacuna de manera clandestina. El procedimiento se realiz\u00f3 en la localidad de Goya.<\/h2>\n\n\n\n<p>Anoche, efectivos policiales de la Unidad Especial de Seguridad Rural y Ecol\u00f3gica de Goya en momentos que&nbsp; realizaban un operativo vehicular e identificaci\u00f3n de personas en la Primera Secci\u00f3n del Paraje Paranacito, demoraron a un hombre que transportaba carne vacuna de manera clandestina.<\/p>\n\n\n\n<p>El procedimiento se realiz\u00f3&nbsp; cuando los efectivos identificaron a un hombre , de 59 a\u00f1os quien circulaba en una camioneta Ford F-100- en la cual transportaba cortes de carne vacuna, no aptas para el consumo humano y sin las medidas sanitarias estipuladas por las leyes y normas de salubridad. Ante esa situaci\u00f3n fue aprehendido y bajo las formalidades legales el producto c\u00e1rnico fue secuestrado.<\/p>\n\n\n\n<p>El aprehendido junto a lo secuestrado fueron puestos a disposici\u00f3n de la Unidad Fiscal en turno y trasladados a la Unidad.<\/p>\n","protected":false},"excerpt":{"rendered":"<p>La Polic\u00eda demor\u00f3 a un hombre que transportaba cortes de carne vacuna de manera clandestina. El procedimiento se realiz\u00f3 en la localidad de Goya. Anoche, efectivos policiales de la Unidad&hellip; <\/p>\n","protected":false},"author":6,"featured_media":222552,"comment_status":"closed","ping_status":"open","sticky":false,"template":"","format":"standard","meta":{"footnotes":""},"categories":[33],"tags":[],"class_list":["post-222548","post","type-post","status-publish","format-standard","has-post-thumbnail","hentry","category-policiales"],"_links":{"self":[{"href":"https:\/\/corrientesdetarde.com\/index.php\/wp-json\/wp\/v2\/posts\/222548","targetHints":{"allow":["GET"]}}],"collection":[{"href":"https:\/\/corrientesdetarde.com\/index.php\/wp-json\/wp\/v2\/posts"}],"about":[{"href":"https:\/\/corrientesdetarde.com\/index.php\/wp-json\/wp\/v2\/types\/post"}],"author":[{"embeddable":true,"href":"https:\/\/corrientesdetarde.com\/index.php\/wp-json\/wp\/v2\/users\/6"}],"replies":[{"embeddable":true,"href":"https:\/\/corrientesdetarde.com\/index.php\/wp-json\/wp\/v2\/comments?post=222548"}],"version-history":[{"count":1,"href":"https:\/\/corrientesdetarde.com\/index.php\/wp-json\/wp\/v2\/posts\/222548\/revisions"}],"predecessor-version":[{"id":222554,"href":"https:\/\/corrientesdetarde.com\/index.php\/wp-json\/wp\/v2\/posts\/222548\/revisions\/222554"}],"wp:featuredmedia":[{"embeddable":true,"href":"https:\/\/corrientesdetarde.com\/index.php\/wp-json\/wp\/v2\/media\/222552"}],"wp:attachment":[{"href":"https:\/\/corrientesdetarde.com\/index.php\/wp-json\/wp\/v2\/media?parent=222548"}],"wp:term":[{"taxonomy":"category","embeddable":true,"href":"https:\/\/corrientesdetarde.com\/index.php\/wp-json\/wp\/v2\/categories?post=222548"},{"taxonomy":"post_tag","embeddable":true,"href":"https:\/\/corrientesdetarde.com\/index.php\/wp-json\/wp\/v2\/tags?post=222548"}],"curies":[{"name":"wp","href":"https:\/\/api.w.org\/{rel}","templated":true}]}}