{"id":222560,"date":"2025-08-15T18:45:00","date_gmt":"2025-08-15T21:45:00","guid":{"rendered":"https:\/\/corrientesdetarde.com\/?p=222560"},"modified":"2025-08-15T18:38:39","modified_gmt":"2025-08-15T21:38:39","slug":"los-restos-mario-del-transito-cocomarola-fueron-trasladados-en-el-aniversario-de-su-natalicio","status":"publish","type":"post","link":"https:\/\/corrientesdetarde.com\/index.php\/cultura\/los-restos-mario-del-transito-cocomarola-fueron-trasladados-en-el-aniversario-de-su-natalicio\/","title":{"rendered":"Los restos Mario del Tr\u00e1nsito Cocomarola fueron trasladados en el aniversario de su natalicio."},"content":{"rendered":"\n<h2 class=\"wp-block-heading\">Se trat\u00f3 del m\u00e1ximo referente de la m\u00fasica chamamecera. Se realiz\u00f3 la ceremonia de traslado de sus restos en horas de la ma\u00f1ana de este viernes 15 de agosto. Fue organizado por su familia en el cementerio privado Parque del Recuerdo. Estuvieron referentes de la cultura presentes.<\/h2>\n\n\n\n<p>En el marco de su 107\u00b0 aniversario de natalicio rindieron honores este viernes 15 de agosto, a Mario del Tr\u00e1nsito Cocomarola, m\u00e1ximo referente de la m\u00fasica chamamecera. Fue poco despu\u00e9s de las 10.30 el traslado de sus restos.<\/p>\n\n\n\n<p>El evento organizado por su familia se concret\u00f3 en el cementerio privado Parque del Recuerdo con la presencia de funcionarios, m\u00fasicos y referentes de la cultura.<\/p>\n\n\n\n<p>&#8220;Acompa\u00f1amos, junto a su familia y admiradores de su trabajo, el traspaso de los restos de Mario del Tr\u00e1nsito Cocomarola, un \u00eddolo correntino, gran chamamecero e icono de nuestra cultura. Ahora descansa en el Parque del Recuerdo donde, quienes agradecemos y admiramos su paso por nuestra m\u00fasica, podemos ir a rememorarlo&#8221; se\u00f1al\u00f3 en redes sociales, Hugo Calvano, Secretario de Coordinacion de Gobierno municipal.\u00a0<\/p>\n","protected":false},"excerpt":{"rendered":"<p>Se trat\u00f3 del m\u00e1ximo referente de la m\u00fasica chamamecera. Se realiz\u00f3 la ceremonia de traslado de sus restos en horas de la ma\u00f1ana de este viernes 15 de agosto. Fue&hellip; <\/p>\n","protected":false},"author":6,"featured_media":222567,"comment_status":"closed","ping_status":"open","sticky":false,"template":"","format":"standard","meta":{"footnotes":""},"categories":[15],"tags":[],"class_list":["post-222560","post","type-post","status-publish","format-standard","has-post-thumbnail","hentry","category-cultura"],"_links":{"self":[{"href":"https:\/\/corrientesdetarde.com\/index.php\/wp-json\/wp\/v2\/posts\/222560","targetHints":{"allow":["GET"]}}],"collection":[{"href":"https:\/\/corrientesdetarde.com\/index.php\/wp-json\/wp\/v2\/posts"}],"about":[{"href":"https:\/\/corrientesdetarde.com\/index.php\/wp-json\/wp\/v2\/types\/post"}],"author":[{"embeddable":true,"href":"https:\/\/corrientesdetarde.com\/index.php\/wp-json\/wp\/v2\/users\/6"}],"replies":[{"embeddable":true,"href":"https:\/\/corrientesdetarde.com\/index.php\/wp-json\/wp\/v2\/comments?post=222560"}],"version-history":[{"count":1,"href":"https:\/\/corrientesdetarde.com\/index.php\/wp-json\/wp\/v2\/posts\/222560\/revisions"}],"predecessor-version":[{"id":222568,"href":"https:\/\/corrientesdetarde.com\/index.php\/wp-json\/wp\/v2\/posts\/222560\/revisions\/222568"}],"wp:featuredmedia":[{"embeddable":true,"href":"https:\/\/corrientesdetarde.com\/index.php\/wp-json\/wp\/v2\/media\/222567"}],"wp:attachment":[{"href":"https:\/\/corrientesdetarde.com\/index.php\/wp-json\/wp\/v2\/media?parent=222560"}],"wp:term":[{"taxonomy":"category","embeddable":true,"href":"https:\/\/corrientesdetarde.com\/index.php\/wp-json\/wp\/v2\/categories?post=222560"},{"taxonomy":"post_tag","embeddable":true,"href":"https:\/\/corrientesdetarde.com\/index.php\/wp-json\/wp\/v2\/tags?post=222560"}],"curies":[{"name":"wp","href":"https:\/\/api.w.org\/{rel}","templated":true}]}}