{"id":222569,"date":"2025-08-15T18:55:00","date_gmt":"2025-08-15T21:55:00","guid":{"rendered":"https:\/\/corrientesdetarde.com\/?p=222569"},"modified":"2025-08-15T18:42:11","modified_gmt":"2025-08-15T21:42:11","slug":"el-juez-kreplak-dio-fecha-para-el-inicio-de-las-pericias-sobre-las-muertes-por-fentanilo-contaminado","status":"publish","type":"post","link":"https:\/\/corrientesdetarde.com\/index.php\/crimen-y-justicia\/el-juez-kreplak-dio-fecha-para-el-inicio-de-las-pericias-sobre-las-muertes-por-fentanilo-contaminado\/","title":{"rendered":"El juez Kreplak dio fecha para el inicio de las pericias sobre las muertes por fentanilo contaminado."},"content":{"rendered":"\n<h2 class=\"wp-block-heading\">El trabajo de investigaci\u00f3n estar\u00e1 a cargo del Cuerpo M\u00e9dico de la Corte Suprema de Justicia y comenzar\u00e1 el lunes 25 de agosto.<\/h2>\n\n\n\n<p>El juez federal\u00a0<strong>Ernesto Kreplak<\/strong>, quien lleva adelante la causa por las muertes del\u00a0fentanilo contaminado, dispuso el inicio de las pericias por parte del Cuerpo M\u00e9dico de la Corte Suprema de Justicia\u00a0<strong>para el lunes 25 de agosto<\/strong>. El proceso consistir\u00e1 en analizar una muestra de 20 historias cl\u00ednicas de pacientes que fallecieron luego de que les suministraran el analg\u00e9sico.<\/p>\n\n\n\n<p>Esta nueva etapa de la investigaci\u00f3n comenzar\u00e1 tras recibir los informes del Instituto Nacional de Enfermedades Infecciosas Dr. Carlos G. Malbr\u00e1n, cuyo personal analiz\u00f3 los lotes sospechosos.<\/p>\n\n\n\n<p>Adem\u00e1s, los especialistas del Instituto Malbr\u00e1n deber\u00e1n terminar la evaluaci\u00f3n el 19 de agosto para entregar el informe en la ma\u00f1ana siguiente, seg\u00fan lo orden\u00f3 el juez.<\/p>\n\n\n\n<p>Cinco d\u00edas despu\u00e9s, el Cuerpo M\u00e9dico de la Corte Suprema&nbsp;<strong>comenzar\u00e1 a analizar las 20 historias cl\u00ednicas de pacientes<\/strong>&nbsp;que fallecieron producto del fentanilo contaminado, seg\u00fan inform\u00f3&nbsp;<strong>Rodrigo Alegre<\/strong>, periodista de&nbsp;<strong>TN<\/strong>. El objetivo del juez Kreplak es&nbsp;<strong>cotejar&nbsp;<\/strong>los resultados del instituto con los del cuerpo m\u00e9dico.<\/p>\n\n\n\n<figure class=\"wp-block-image size-large\"><img loading=\"lazy\" decoding=\"async\" width=\"1024\" height=\"573\" src=\"https:\/\/corrientesdetarde.com\/wp-content\/uploads\/2025\/08\/image-631-1024x573.png\" alt=\"\" class=\"wp-image-222572\" srcset=\"https:\/\/corrientesdetarde.com\/wp-content\/uploads\/2025\/08\/image-631-1024x573.png 1024w, https:\/\/corrientesdetarde.com\/wp-content\/uploads\/2025\/08\/image-631-300x168.png 300w, https:\/\/corrientesdetarde.com\/wp-content\/uploads\/2025\/08\/image-631-768x430.png 768w, https:\/\/corrientesdetarde.com\/wp-content\/uploads\/2025\/08\/image-631.png 1440w\" sizes=\"auto, (max-width: 1024px) 100vw, 1024px\" \/><\/figure>\n\n\n\n<p>Hasta el momento, se registraron 96 muertes por infecciones bacterianas graves. Los lotes se\u00f1alados son los 31.202 y 31.244, contaminados con las bacterias&nbsp;<em>klebsiella pneumoniae&nbsp;<\/em>y&nbsp;<em>ralstonia pickettii<\/em>, de acuerdo con la investigaci\u00f3n judicial.<\/p>\n\n\n\n<p>Ambos fueron fabricados en diciembre de 2024 por el laboratorio Ramallo S.A., asociado con el laboratorio HLB Pharma Group. Adem\u00e1s, estar\u00eda involucrado en el caso la droguer\u00eda Alfarma, encargada de importar el fentanilo en polvo.<\/p>\n\n\n\n<p>Las tres empresas mencionadas son manejadas por&nbsp;<strong>Ariel Garc\u00eda Furfaro<\/strong>, quien en las \u00faltimas horas present\u00f3 un escrito pidiendo postergar las pericias de la Corte Suprema. Sin embargo, el juez Kreplak se lo deneg\u00f3 y la investigaci\u00f3n comenzar\u00e1 en la fecha fijada.<\/p>\n\n\n\n<h2 class=\"wp-block-heading\">Habl\u00f3 Ariel Garc\u00eda Furfaro, el due\u00f1o de HLB Pharma: \u201cSi tengo algo que ver que me corten la cabeza\u201d<\/h2>\n\n\n\n<p>En medio de la investigaci\u00f3n judicial por las m\u00e1s de 90 muertes por el uso del fentanilo contaminado en hospitales, el due\u00f1o del laboratorio investigado, Ariel Garc\u00eda Furfaro, dio su versi\u00f3n de los hechos en di\u00e1logo con&nbsp;<em>Solo una vuelta m\u00e1s<\/em>&nbsp;(<strong>TN<\/strong>).&nbsp;<strong>\u201cTodav\u00eda no se demostr\u00f3 que alguna ampolla haya matado a una persona\u201d<\/strong>, asegur\u00f3.<\/p>\n\n\n\n<p>\u201cSab\u00eda que me iban a hacer esta maldad\u201d, afirm\u00f3 el propietario de HLB Pharma. Y redobl\u00f3 la apuesta: \u201cCuando me mandaron a cobrar coimas del PAMI, los saqu\u00e9 a patadas en el culo. Y hoy estoy pagando las consecuencias\u201d.<\/p>\n\n\n\n<p>\u201cSoy el primero que quiere saber si estaba contaminado\u201d, afirm\u00f3 Garc\u00eda Furfaro. Aunque reconoci\u00f3: \u201cPudo haber habido un caso de negligencia\u201d. Adem\u00e1s, neg\u00f3 cualquier contacto pol\u00edtico con el kirchnerismo:<strong>&nbsp;\u201cNo conozco a Kicillof ni a Cristina\u201d.<\/strong><\/p>\n\n\n\n<p>\u201cQuiero que el juez investigue c\u00f3mo lleg\u00f3 la bacteria\u201d, explic\u00f3 el due\u00f1o del laboratorio. Y asegur\u00f3:&nbsp;<strong>\u201cSi tengo algo que ver o hice algo a prop\u00f3sito, pongo la cabeza para que me la corten\u201d.<\/strong><\/p>\n\n\n\n<p>\u201cEsto fue una operaci\u00f3n desde el d\u00eda 1. Sin ning\u00fan estudio ya me acusaban de un mont\u00f3n de muertes\u201d, afirm\u00f3 el due\u00f1o de HLN Pharma. \u201cHay que hacer un cambio en Salud urgente, est\u00e1n destruyendo todo\u201d, afirm\u00f3.<\/p>\n\n\n\n<p>\u201cSoy el primero en pedir justicia por las v\u00edctimas, como pido por mi hijo hace 2 a\u00f1os y medio\u201d, remarc\u00f3. \u201cFui el primero en mostrar que le estaban sacando medicamentos a los jubilados\u201d, se\u00f1al\u00f3.<\/p>\n\n\n\n<p><strong>\u201cEl que m\u00e1s va a perder con esto va a ser el Gobierno<\/strong>\u201d, advirti\u00f3 Garc\u00eda Furfaro. Adem\u00e1s, cont\u00f3 que \u201cdos o tres d\u00edas antes de esto, la ANMAT le sac\u00f3 7 lotes contaminados a un laboratorio amigo y no le hicieron nada\u201d.<\/p>\n\n\n\n<p>\u201cEl Gobierno de Milei me hizo cerrar todo y dej\u00e9 a 1500 personas en la calle\u201d, afirm\u00f3. \u201c<strong>\u00bfPor qu\u00e9 la ANMAT me denunci\u00f3 si no hab\u00eda ning\u00fan estudio?\u201c<\/strong>, indic\u00f3 y responsabiliz\u00f3 al ministro de Salud de la Naci\u00f3n.<\/p>\n\n\n\n<p>\u201cLa ANMAT es juez y parte, pero con los que no somos del club\u201d, cuestion\u00f3 el due\u00f1o del laboratorio HLB Pharma.<\/p>\n\n\n\n<p>\u201cEsta SIDE berreta que maneja Caputo me pidieron que reviente a los Menem para sacar el pie del acelerador\u201d, denunci\u00f3 Garc\u00eda Furfaro. Adem\u00e1s, hizo hincapi\u00e9 en que&nbsp;<strong>\u201cla ANMAT me ten\u00eda que cerrar\u201d.<\/strong><\/p>\n\n\n\n<p>En tanto, defendi\u00f3 el trabajo en su laboratorio y asegur\u00f3 las bacterias no se producen en ese tipo de establecimientos y pidi\u00f3 \u201cque lo investigue el juez\u201d. \u201cHace 3 meses que estoy leyendo historias cl\u00ednicas, son bacterias muy resistentes\u201d, afirm\u00f3.<\/p>\n\n\n\n<p>\u201cEsto es as\u00ed,&nbsp;<strong>o ten\u00e9s una negligencia o fue un atentado.&nbsp;<\/strong>En cualquier caso lo tengo que averiguar y quiero que el juez lo investigue\u201d, finaliz\u00f3.<\/p>\n\n\n\n<p><\/p>\n\n\n\n<p><em>Fuente: Todo Noticias.<\/em><\/p>\n","protected":false},"excerpt":{"rendered":"<p>El trabajo de investigaci\u00f3n estar\u00e1 a cargo del Cuerpo M\u00e9dico de la Corte Suprema de Justicia y comenzar\u00e1 el lunes 25 de agosto. El juez federal\u00a0Ernesto Kreplak, quien lleva adelante&hellip; <\/p>\n","protected":false},"author":6,"featured_media":222571,"comment_status":"closed","ping_status":"open","sticky":false,"template":"","format":"standard","meta":{"footnotes":""},"categories":[5],"tags":[],"class_list":["post-222569","post","type-post","status-publish","format-standard","has-post-thumbnail","hentry","category-crimen-y-justicia"],"_links":{"self":[{"href":"https:\/\/corrientesdetarde.com\/index.php\/wp-json\/wp\/v2\/posts\/222569","targetHints":{"allow":["GET"]}}],"collection":[{"href":"https:\/\/corrientesdetarde.com\/index.php\/wp-json\/wp\/v2\/posts"}],"about":[{"href":"https:\/\/corrientesdetarde.com\/index.php\/wp-json\/wp\/v2\/types\/post"}],"author":[{"embeddable":true,"href":"https:\/\/corrientesdetarde.com\/index.php\/wp-json\/wp\/v2\/users\/6"}],"replies":[{"embeddable":true,"href":"https:\/\/corrientesdetarde.com\/index.php\/wp-json\/wp\/v2\/comments?post=222569"}],"version-history":[{"count":2,"href":"https:\/\/corrientesdetarde.com\/index.php\/wp-json\/wp\/v2\/posts\/222569\/revisions"}],"predecessor-version":[{"id":222574,"href":"https:\/\/corrientesdetarde.com\/index.php\/wp-json\/wp\/v2\/posts\/222569\/revisions\/222574"}],"wp:featuredmedia":[{"embeddable":true,"href":"https:\/\/corrientesdetarde.com\/index.php\/wp-json\/wp\/v2\/media\/222571"}],"wp:attachment":[{"href":"https:\/\/corrientesdetarde.com\/index.php\/wp-json\/wp\/v2\/media?parent=222569"}],"wp:term":[{"taxonomy":"category","embeddable":true,"href":"https:\/\/corrientesdetarde.com\/index.php\/wp-json\/wp\/v2\/categories?post=222569"},{"taxonomy":"post_tag","embeddable":true,"href":"https:\/\/corrientesdetarde.com\/index.php\/wp-json\/wp\/v2\/tags?post=222569"}],"curies":[{"name":"wp","href":"https:\/\/api.w.org\/{rel}","templated":true}]}}