{"id":222577,"date":"2025-08-16T08:20:00","date_gmt":"2025-08-16T11:20:00","guid":{"rendered":"https:\/\/corrientesdetarde.com\/?p=222577"},"modified":"2025-08-16T08:38:51","modified_gmt":"2025-08-16T11:38:51","slug":"erik-lamela-anuncio-su-retiro-del-futbol-profesional","status":"publish","type":"post","link":"https:\/\/corrientesdetarde.com\/index.php\/deportes\/erik-lamela-anuncio-su-retiro-del-futbol-profesional\/","title":{"rendered":"Erik Lamela anunci\u00f3 su retiro del f\u00fatbol profesional."},"content":{"rendered":"\n<h2 class=\"wp-block-heading\">El surgido de las inferiores de River comunic\u00f3 la decisi\u00f3n a trav\u00e9s de una carta en redes sociales, en la que explic\u00f3 que los problemas f\u00edsicos en sus caderas, que arrastra desde hace m\u00e1s de una d\u00e9cada, lo obligaron a poner fin a su carrera.<\/h2>\n\n\n\n<p>Erik Lamela confirm\u00f3 este jueves su retiro del f\u00fatbol profesional. El mediocampista public\u00f3 en su cuenta de Instagram una carta en la que detall\u00f3 que las lesiones en sus caderas, que lo llevaron a pasar por el quir\u00f3fano en 2017, fueron determinantes para tomar la decisi\u00f3n.<\/p>\n\n\n\n<p><em><strong>\u201cHace unos meses me di cuenta de que no pod\u00eda seguir con la rutina de trabajo que ven\u00eda haciendo para poder jugar. El dolor estaba ganando terreno y, lamentablemente, ya no pod\u00eda sostenerlo\u201d<\/strong><\/em>, se\u00f1al\u00f3 el futbolista, que este a\u00f1o lleg\u00f3 a un acuerdo con el AEK Atenas para rescindir su contrato.<\/p>\n\n\n\n<figure class=\"wp-block-image\"><a href=\"https:\/\/www.radiosudamericana.com\/notix\/multimedia\/imagenes\/fotos\/2025-08-15\/691202.jpg\"><img decoding=\"async\" src=\"https:\/\/www.radiosudamericana.com\/notix\/multimedia\/imagenes\/fotos\/2025-08-15\/691202.jpg_nota.jpg\" alt=\"\"\/><\/a><\/figure>\n\n\n\n<p>El exjugador de River Plate, Roma, Tottenham y Sevilla record\u00f3 que, en 2014, los m\u00e9dicos le advirtieron que podr\u00eda jugar solo cuatro a\u00f1os m\u00e1s, pero que logr\u00f3 extender su carrera con entrenamientos adaptados, tratamientos e inyecciones.&nbsp;<strong><em>\u201cHe jugado con dolor y tomando medicaci\u00f3n antes de cada partido, siempre intentando dar lo mejor\u201d<\/em><\/strong>, afirm\u00f3.<\/p>\n\n\n\n<p>En el texto, Lamela agradeci\u00f3 a todos los clubes en los que jug\u00f3, a entrenadores, compa\u00f1eros, trabajadores del f\u00fatbol y, especialmente, a su familia.&nbsp;<strong><em>\u201cA mi esposa e hijos, gracias por ser mi motor y apoyo incondicional. Siempre los llevo conmigo\u201d<\/em><\/strong>, escribi\u00f3.<\/p>\n\n\n\n<figure class=\"wp-block-image\"><a href=\"https:\/\/www.radiosudamericana.com\/notix\/multimedia\/imagenes\/fotos\/2025-08-15\/430364.jpg\"><img decoding=\"async\" src=\"https:\/\/www.radiosudamericana.com\/notix\/multimedia\/imagenes\/fotos\/2025-08-15\/430364.jpg_nota.jpg\" alt=\"\"\/><\/a><\/figure>\n\n\n\n<p>A lo largo de su trayectoria, disput\u00f3 m\u00e1s de 500 partidos y convirti\u00f3 87 goles. Entre sus logros, obtuvo el Premio Pusk\u00e1s 2021 y la Europa League 2022\/23 con el Sevilla. Seg\u00fan trascendi\u00f3, se sumar\u00e1 como ayudante de campo de Mat\u00edas Almeyda en el club andaluz.<\/p>\n","protected":false},"excerpt":{"rendered":"<p>El surgido de las inferiores de River comunic\u00f3 la decisi\u00f3n a trav\u00e9s de una carta en redes sociales, en la que explic\u00f3 que los problemas f\u00edsicos en sus caderas, que&hellip; <\/p>\n","protected":false},"author":6,"featured_media":222584,"comment_status":"closed","ping_status":"open","sticky":false,"template":"","format":"standard","meta":{"footnotes":""},"categories":[4],"tags":[],"class_list":["post-222577","post","type-post","status-publish","format-standard","has-post-thumbnail","hentry","category-deportes"],"_links":{"self":[{"href":"https:\/\/corrientesdetarde.com\/index.php\/wp-json\/wp\/v2\/posts\/222577","targetHints":{"allow":["GET"]}}],"collection":[{"href":"https:\/\/corrientesdetarde.com\/index.php\/wp-json\/wp\/v2\/posts"}],"about":[{"href":"https:\/\/corrientesdetarde.com\/index.php\/wp-json\/wp\/v2\/types\/post"}],"author":[{"embeddable":true,"href":"https:\/\/corrientesdetarde.com\/index.php\/wp-json\/wp\/v2\/users\/6"}],"replies":[{"embeddable":true,"href":"https:\/\/corrientesdetarde.com\/index.php\/wp-json\/wp\/v2\/comments?post=222577"}],"version-history":[{"count":1,"href":"https:\/\/corrientesdetarde.com\/index.php\/wp-json\/wp\/v2\/posts\/222577\/revisions"}],"predecessor-version":[{"id":222585,"href":"https:\/\/corrientesdetarde.com\/index.php\/wp-json\/wp\/v2\/posts\/222577\/revisions\/222585"}],"wp:featuredmedia":[{"embeddable":true,"href":"https:\/\/corrientesdetarde.com\/index.php\/wp-json\/wp\/v2\/media\/222584"}],"wp:attachment":[{"href":"https:\/\/corrientesdetarde.com\/index.php\/wp-json\/wp\/v2\/media?parent=222577"}],"wp:term":[{"taxonomy":"category","embeddable":true,"href":"https:\/\/corrientesdetarde.com\/index.php\/wp-json\/wp\/v2\/categories?post=222577"},{"taxonomy":"post_tag","embeddable":true,"href":"https:\/\/corrientesdetarde.com\/index.php\/wp-json\/wp\/v2\/tags?post=222577"}],"curies":[{"name":"wp","href":"https:\/\/api.w.org\/{rel}","templated":true}]}}