{"id":222587,"date":"2025-08-16T08:30:00","date_gmt":"2025-08-16T11:30:00","guid":{"rendered":"https:\/\/corrientesdetarde.com\/?p=222587"},"modified":"2025-08-16T08:43:27","modified_gmt":"2025-08-16T11:43:27","slug":"expo-rural-la-cabana-don-cancio-obtuvo-el-premio-al-gran-campeon-2025","status":"publish","type":"post","link":"https:\/\/corrientesdetarde.com\/index.php\/eventos\/expo-rural-la-cabana-don-cancio-obtuvo-el-premio-al-gran-campeon-2025\/","title":{"rendered":"Expo Rural: la caba\u00f1a Don Cancio obtuvo el premio al Gran Campe\u00f3n 2025."},"content":{"rendered":"\n<h2 class=\"wp-block-heading\">Del 13 al 16 de agosto se desarrolla la Expo Rural en Corrientes, con la participaci\u00f3n de destacadas caba\u00f1as de todo el pa\u00eds.<\/h2>\n\n\n\n<p>En esta edici\u00f3n, la Caba\u00f1a Don Cancio obtuvo el premio al Gran Campe\u00f3n Macho 2025, un reconocimiento que refleja el esfuerzo, la dedicaci\u00f3n y la excelencia en el trabajo de todo su equipo, que d\u00eda a d\u00eda aporta su granito de arena para alcanzar estos logros.<\/p>\n\n\n\n<p>Este premio es fruto del compromiso del personal de la caba\u00f1a, del Dr. Rodrigo Rold\u00e1n como genetista, y de cada integrante que brinda su conocimiento y pasi\u00f3n.<\/p>\n\n\n\n<p><a href=\"https:\/\/www.radiosudamericana.com\/notix\/multimedia\/imagenes\/fotos\/2025-08-15\/979013.jpg\"><\/a><br>De esta manera, siguen honrando y manteniendo vivo el legado de Roberto \u201cPomelo\u201d Demonte, ejemplo de trabajo, visi\u00f3n y amor por la ganader\u00eda.<\/p>\n\n\n\n<p><br><strong>1. Conformaci\u00f3n general y tipo racial<\/strong><br>\u2022 Que el toro sea representativo de su raza (por ejemplo, Angus, Hereford, Braford, etc.).<br>\u2022 Proporciones correctas: armon\u00eda entre las distintas partes del cuerpo.<br>\u2022 Musculatura bien desarrollada y equilibrada.<br>\u2022 Perfil y caracter\u00edsticas propias de la raza (color, pelaje, forma de la cabeza, l\u00ednea superior, etc.).<\/p>\n\n\n\n<figure class=\"wp-block-image\"><a href=\"https:\/\/www.radiosudamericana.com\/notix\/multimedia\/imagenes\/fotos\/2025-08-15\/259703.jpg\"><img decoding=\"async\" src=\"https:\/\/www.radiosudamericana.com\/notix\/multimedia\/imagenes\/fotos\/2025-08-15\/259703.jpg_nota.jpg\" alt=\"\"\/><\/a><\/figure>\n\n\n\n<p><br><strong>2. Estructura y aplomos<\/strong><br>\u2022 Patas firmes y rectas, con buena colocaci\u00f3n de manos y patas.<br>\u2022 Articulaciones limpias y fuertes.<br>\u2022 Pisada correcta (fundamental para la longevidad y funcionalidad).<br>\u2022 Ausencia de defectos estructurales que puedan afectar la monta o desplazamiento.<\/p>\n\n\n\n<p><a href=\"https:\/\/www.radiosudamericana.com\/notix\/multimedia\/imagenes\/fotos\/2025-08-15\/473100.jpg\"><\/a><br><strong>3. Desarrollo y condici\u00f3n corporal<\/strong><br>\u2022 Buen peso y desarrollo para su edad.<br>\u2022 Relaci\u00f3n adecuada entre masa muscular y grasa.<br>\u2022 No estar ni muy flaco ni excesivamente engrasado.<\/p>\n\n\n\n<figure class=\"wp-block-image\"><a href=\"https:\/\/www.radiosudamericana.com\/notix\/multimedia\/imagenes\/fotos\/2025-08-15\/924380.jpg\"><img decoding=\"async\" src=\"https:\/\/www.radiosudamericana.com\/notix\/multimedia\/imagenes\/fotos\/2025-08-15\/924380.jpg_nota.jpg\" alt=\"\"\/><\/a><\/figure>\n\n\n\n<p><br><strong>4. Capacidad reproductiva<\/strong><br>\u2022 Aparato reproductor sano y bien formado (test\u00edculos sim\u00e9tricos, buen tama\u00f1o y consistencia).<br>\u2022 Circunferencia escrotal adecuada a la edad, que se relaciona con fertilidad y precocidad.<br>\u2022 Buen desarrollo sexual y temperamento reproductivo.<\/p>\n\n\n\n<p><br><strong>5. Funcionalidad y desplazamiento<\/strong><br>\u2022 Que camine con soltura, sin renguear ni mostrar molestias.<br>\u2022 Que el lomo y la l\u00ednea dorsal se mantengan firmes al moverse.<\/p>\n\n\n\n<figure class=\"wp-block-image\"><a href=\"https:\/\/www.radiosudamericana.com\/notix\/multimedia\/imagenes\/fotos\/2025-08-15\/447232.jpg\"><img decoding=\"async\" src=\"https:\/\/www.radiosudamericana.com\/notix\/multimedia\/imagenes\/fotos\/2025-08-15\/447232.jpg_nota.jpg\" alt=\"\"\/><\/a><\/figure>\n\n\n\n<p><br><strong>6. Presencia y temperamento<\/strong><br>\u2022 Actitud mansa pero atenta (ni agresivo ni ap\u00e1tico).<br>\u2022 Respuesta tranquila ante est\u00edmulos, lo que facilita el manejo.<br>\u2022 Postura erguida y segura.<\/p>\n","protected":false},"excerpt":{"rendered":"<p>Del 13 al 16 de agosto se desarrolla la Expo Rural en Corrientes, con la participaci\u00f3n de destacadas caba\u00f1as de todo el pa\u00eds. En esta edici\u00f3n, la Caba\u00f1a Don Cancio&hellip; <\/p>\n","protected":false},"author":6,"featured_media":222588,"comment_status":"closed","ping_status":"open","sticky":false,"template":"","format":"standard","meta":{"footnotes":""},"categories":[22],"tags":[],"class_list":["post-222587","post","type-post","status-publish","format-standard","has-post-thumbnail","hentry","category-eventos"],"_links":{"self":[{"href":"https:\/\/corrientesdetarde.com\/index.php\/wp-json\/wp\/v2\/posts\/222587","targetHints":{"allow":["GET"]}}],"collection":[{"href":"https:\/\/corrientesdetarde.com\/index.php\/wp-json\/wp\/v2\/posts"}],"about":[{"href":"https:\/\/corrientesdetarde.com\/index.php\/wp-json\/wp\/v2\/types\/post"}],"author":[{"embeddable":true,"href":"https:\/\/corrientesdetarde.com\/index.php\/wp-json\/wp\/v2\/users\/6"}],"replies":[{"embeddable":true,"href":"https:\/\/corrientesdetarde.com\/index.php\/wp-json\/wp\/v2\/comments?post=222587"}],"version-history":[{"count":1,"href":"https:\/\/corrientesdetarde.com\/index.php\/wp-json\/wp\/v2\/posts\/222587\/revisions"}],"predecessor-version":[{"id":222589,"href":"https:\/\/corrientesdetarde.com\/index.php\/wp-json\/wp\/v2\/posts\/222587\/revisions\/222589"}],"wp:featuredmedia":[{"embeddable":true,"href":"https:\/\/corrientesdetarde.com\/index.php\/wp-json\/wp\/v2\/media\/222588"}],"wp:attachment":[{"href":"https:\/\/corrientesdetarde.com\/index.php\/wp-json\/wp\/v2\/media?parent=222587"}],"wp:term":[{"taxonomy":"category","embeddable":true,"href":"https:\/\/corrientesdetarde.com\/index.php\/wp-json\/wp\/v2\/categories?post=222587"},{"taxonomy":"post_tag","embeddable":true,"href":"https:\/\/corrientesdetarde.com\/index.php\/wp-json\/wp\/v2\/tags?post=222587"}],"curies":[{"name":"wp","href":"https:\/\/api.w.org\/{rel}","templated":true}]}}