{"id":222600,"date":"2025-08-16T09:30:00","date_gmt":"2025-08-16T12:30:00","guid":{"rendered":"https:\/\/corrientesdetarde.com\/?p=222600"},"modified":"2025-08-16T09:09:35","modified_gmt":"2025-08-16T12:09:35","slug":"investigan-a-la-policia-de-corrientes-tras-atacar-a-tiros-a-adolescentes-en-frente-a-su-casa","status":"publish","type":"post","link":"https:\/\/corrientesdetarde.com\/index.php\/informacion-general\/investigan-a-la-policia-de-corrientes-tras-atacar-a-tiros-a-adolescentes-en-frente-a-su-casa\/","title":{"rendered":"Investigan a la Polic\u00eda de Corrientes tras atacar a tiros a adolescentes en frente a su casa."},"content":{"rendered":"\n<h2 class=\"wp-block-heading\">Una madre denunci\u00f3 que su hijo de 14 a\u00f1os fue atacado por un funcionario policial; la familia del oficial asegura que hubo provocaci\u00f3n de los menores.<\/h2>\n\n\n\n<p>Una mujer denunci\u00f3 que un funcionario activo de la Comisar\u00eda 21, Julio Edgar Caballero, atac\u00f3 a su hijo de 14 a\u00f1os mientras jugaba con otros j\u00f3venes cerca de la dependencia policial y la agredi\u00f3 a ella misma cuando intent\u00f3 protegerlo.<\/p>\n\n\n\n<p>Seg\u00fan la denuncia presentada el 12 de agosto, alrededor de las 22:30 horas, Caballero comenz\u00f3 a disparar contra los adolescentes y luego utiliz\u00f3 un bast\u00f3n de goma contra la madre de uno de ellos. La denunciante, Liana Evelin Mambrin, se\u00f1al\u00f3 adem\u00e1s que su hija de 13 a\u00f1os tambi\u00e9n fue agredida por la hija del funcionario mientras intentaba recuperar un par de ojotas. Mambrin solicit\u00f3 restricci\u00f3n de acercamiento para sus hijos y que sean examinados por un m\u00e9dico policial.<\/p>\n\n\n\n<p>En declaraciones, el Comisario Ariel Romero confirm\u00f3 que se realiz\u00f3 un allanamiento en el domicilio de Caballero, se secuestr\u00f3 un arma de fuego y fue detenido. Posteriormente, la Fiscal\u00eda lo liber\u00f3, considerando que la car\u00e1tula del caso es supuestas lesiones leves con abuso de arma. Romero agreg\u00f3 que la Jefatura de Polic\u00eda abri\u00f3 un sumario administrativo, que probablemente derivar\u00e1 en la situaci\u00f3n de pasividad del funcionario.<\/p>\n\n\n\n<p>Por su parte, Stella Maris, hija del polic\u00eda, ofreci\u00f3 su versi\u00f3n del hecho. Seg\u00fan ella, un grupo de menores estaba peleando frente a su domicilio y su padre intervino para detener la situaci\u00f3n, realizando el llamado al 911. &#8220;Intentamos hablar con la se\u00f1ora y los hijos, pero nos vinieron a patotear. En ese momento yo agred\u00ed a la madre de los menores, no mi pap\u00e1&#8221;, relat\u00f3. La joven tambi\u00e9n indic\u00f3 que sufri\u00f3 lesiones y hematomas durante el enfrentamiento y afirm\u00f3 que la familia denunciante mantiene un comportamiento conflictivo en el barrio.<\/p>\n\n\n\n<p>El caso contin\u00faa bajo investigaci\u00f3n judicial y administrativa, con versiones enfrentadas entre la denunciante y la familia del funcionario policial, mientras se esperan definiciones sobre las responsabilidades de todas las partes involucradas.<\/p>\n","protected":false},"excerpt":{"rendered":"<p>Una madre denunci\u00f3 que su hijo de 14 a\u00f1os fue atacado por un funcionario policial; la familia del oficial asegura que hubo provocaci\u00f3n de los menores. Una mujer denunci\u00f3 que&hellip; <\/p>\n","protected":false},"author":6,"featured_media":222605,"comment_status":"closed","ping_status":"open","sticky":false,"template":"","format":"standard","meta":{"footnotes":""},"categories":[1],"tags":[],"class_list":["post-222600","post","type-post","status-publish","format-standard","has-post-thumbnail","hentry","category-informacion-general"],"_links":{"self":[{"href":"https:\/\/corrientesdetarde.com\/index.php\/wp-json\/wp\/v2\/posts\/222600","targetHints":{"allow":["GET"]}}],"collection":[{"href":"https:\/\/corrientesdetarde.com\/index.php\/wp-json\/wp\/v2\/posts"}],"about":[{"href":"https:\/\/corrientesdetarde.com\/index.php\/wp-json\/wp\/v2\/types\/post"}],"author":[{"embeddable":true,"href":"https:\/\/corrientesdetarde.com\/index.php\/wp-json\/wp\/v2\/users\/6"}],"replies":[{"embeddable":true,"href":"https:\/\/corrientesdetarde.com\/index.php\/wp-json\/wp\/v2\/comments?post=222600"}],"version-history":[{"count":1,"href":"https:\/\/corrientesdetarde.com\/index.php\/wp-json\/wp\/v2\/posts\/222600\/revisions"}],"predecessor-version":[{"id":222606,"href":"https:\/\/corrientesdetarde.com\/index.php\/wp-json\/wp\/v2\/posts\/222600\/revisions\/222606"}],"wp:featuredmedia":[{"embeddable":true,"href":"https:\/\/corrientesdetarde.com\/index.php\/wp-json\/wp\/v2\/media\/222605"}],"wp:attachment":[{"href":"https:\/\/corrientesdetarde.com\/index.php\/wp-json\/wp\/v2\/media?parent=222600"}],"wp:term":[{"taxonomy":"category","embeddable":true,"href":"https:\/\/corrientesdetarde.com\/index.php\/wp-json\/wp\/v2\/categories?post=222600"},{"taxonomy":"post_tag","embeddable":true,"href":"https:\/\/corrientesdetarde.com\/index.php\/wp-json\/wp\/v2\/tags?post=222600"}],"curies":[{"name":"wp","href":"https:\/\/api.w.org\/{rel}","templated":true}]}}