{"id":222608,"date":"2025-08-16T09:40:00","date_gmt":"2025-08-16T12:40:00","guid":{"rendered":"https:\/\/corrientesdetarde.com\/?p=222608"},"modified":"2025-08-16T09:15:49","modified_gmt":"2025-08-16T12:15:49","slug":"empresarios-chaquenos-fueron-detenidos-en-un-megaoperativo-por-presunto-lavado-de-activos","status":"publish","type":"post","link":"https:\/\/corrientesdetarde.com\/index.php\/policiales\/empresarios-chaquenos-fueron-detenidos-en-un-megaoperativo-por-presunto-lavado-de-activos\/","title":{"rendered":"Empresarios chaque\u00f1os fueron detenidos en un megaoperativo por presunto lavado de activos."},"content":{"rendered":"\n<h2 class=\"wp-block-heading\">Los allanamientos permitieron secuestrar bienes y recabar pruebas que ya forman parte del expediente judicial, actualmente en etapa de instrucci\u00f3n.<\/h2>\n\n\n\n<p>En un megaoperativo llevado a cabo en simult\u00e1neo en Resistencia y distintos puntos de la provincia de Corrientes, la Fiscal\u00eda Federal de Resistencia, con el acompa\u00f1amiento del Juzgado Federal N.\u00ba 1, detuvo a dos empresarios chaque\u00f1os por presunto lavado de activos. Los arrestados fueron identificados como Braian Obreg\u00f3n y Agostina Vargas Vispo, propietarios del comercio de electr\u00f3nica &#8220;Cebra Phone&#8221;.<\/p>\n\n\n\n<p>Los allanamientos permitieron secuestrar bienes y recabar pruebas que ya forman parte del expediente judicial, actualmente en etapa de instrucci\u00f3n.<\/p>\n\n\n\n<p>Seg\u00fan fuentes judiciales, la investigaci\u00f3n se inici\u00f3 tras el monitoreo de redes sociales, donde los involucrados mostraban un estilo de vida elevado, con veh\u00edculos de alta gama, viajes al exterior y propiedades de alto valor, sin que existiera un sustento fiscal compatible. Entre los bienes secuestrados figuran una camioneta RAM 1500, un BMW coup\u00e9 modelo 2025 valuados en 64 millones de pesos, y una embarcaci\u00f3n hallada en Paso de la Patria, Corrientes.<\/p>\n\n\n\n<p>Adem\u00e1s, Obreg\u00f3n habr\u00eda ingresado productos electr\u00f3nicos desde Paraguay sin aval aduanero, configurando delitos de contrabando y encubrimiento. La pesquisa tambi\u00e9n detect\u00f3 movimientos bancarios y pagos mediante criptomonedas que habr\u00edan sido utilizados para evadir controles fiscales y disimular el origen de los fondos.<\/p>\n","protected":false},"excerpt":{"rendered":"<p>Los allanamientos permitieron secuestrar bienes y recabar pruebas que ya forman parte del expediente judicial, actualmente en etapa de instrucci\u00f3n. En un megaoperativo llevado a cabo en simult\u00e1neo en Resistencia&hellip; <\/p>\n","protected":false},"author":6,"featured_media":222609,"comment_status":"closed","ping_status":"open","sticky":false,"template":"","format":"standard","meta":{"footnotes":""},"categories":[33],"tags":[],"class_list":["post-222608","post","type-post","status-publish","format-standard","has-post-thumbnail","hentry","category-policiales"],"_links":{"self":[{"href":"https:\/\/corrientesdetarde.com\/index.php\/wp-json\/wp\/v2\/posts\/222608","targetHints":{"allow":["GET"]}}],"collection":[{"href":"https:\/\/corrientesdetarde.com\/index.php\/wp-json\/wp\/v2\/posts"}],"about":[{"href":"https:\/\/corrientesdetarde.com\/index.php\/wp-json\/wp\/v2\/types\/post"}],"author":[{"embeddable":true,"href":"https:\/\/corrientesdetarde.com\/index.php\/wp-json\/wp\/v2\/users\/6"}],"replies":[{"embeddable":true,"href":"https:\/\/corrientesdetarde.com\/index.php\/wp-json\/wp\/v2\/comments?post=222608"}],"version-history":[{"count":1,"href":"https:\/\/corrientesdetarde.com\/index.php\/wp-json\/wp\/v2\/posts\/222608\/revisions"}],"predecessor-version":[{"id":222610,"href":"https:\/\/corrientesdetarde.com\/index.php\/wp-json\/wp\/v2\/posts\/222608\/revisions\/222610"}],"wp:featuredmedia":[{"embeddable":true,"href":"https:\/\/corrientesdetarde.com\/index.php\/wp-json\/wp\/v2\/media\/222609"}],"wp:attachment":[{"href":"https:\/\/corrientesdetarde.com\/index.php\/wp-json\/wp\/v2\/media?parent=222608"}],"wp:term":[{"taxonomy":"category","embeddable":true,"href":"https:\/\/corrientesdetarde.com\/index.php\/wp-json\/wp\/v2\/categories?post=222608"},{"taxonomy":"post_tag","embeddable":true,"href":"https:\/\/corrientesdetarde.com\/index.php\/wp-json\/wp\/v2\/tags?post=222608"}],"curies":[{"name":"wp","href":"https:\/\/api.w.org\/{rel}","templated":true}]}}