{"id":222616,"date":"2025-08-16T10:10:00","date_gmt":"2025-08-16T13:10:00","guid":{"rendered":"https:\/\/corrientesdetarde.com\/?p=222616"},"modified":"2025-08-16T10:43:46","modified_gmt":"2025-08-16T13:43:46","slug":"la-primera-medalla-de-oro-para-argentina-en-los-juegos-panamericanos","status":"publish","type":"post","link":"https:\/\/corrientesdetarde.com\/index.php\/deportes\/la-primera-medalla-de-oro-para-argentina-en-los-juegos-panamericanos\/","title":{"rendered":"La primera medalla de oro para Argentina en los Juegos Panamericanos."},"content":{"rendered":"\n<h2 class=\"wp-block-heading\">El correntino se impuso en la categor\u00eda hasta 58 kilos en una vibrante final ante Brasil. Fue el \u00fanico representante argentino en competencia durante la jornada inaugural.<\/h2>\n\n\n\n<p>En el&nbsp;<strong>debut del taekwondo<\/strong>&nbsp;en los&nbsp;<strong>II Juegos Panamericanos Junior Asunci\u00f3n 2025<\/strong>, Argentina consigui\u00f3 su&nbsp;<strong>primera medalla de oro<\/strong>&nbsp;gracias a la destacada actuaci\u00f3n de&nbsp;<strong>Ignacio Esp\u00ednola<\/strong>, quien se consagr\u00f3 campe\u00f3n en la categor\u00eda masculina de hasta 58 kilos.<\/p>\n\n\n\n<p>El joven correntino fue&nbsp;<strong>el \u00fanico representante argentino<\/strong>&nbsp;en la jornada inaugural de esta disciplina, que se desarrolla en el Polideportivo de Deportes Urbanos del Comit\u00e9 Ol\u00edmpico Paraguayo. La final fue seguida de cerca por el campe\u00f3n ol\u00edmpico&nbsp;<strong>Sebasti\u00e1n Crismanich<\/strong>, tambi\u00e9n oriundo de Corrientes, quien estuvo presente como espectador.<\/p>\n\n\n\n<p>En un combate parejo y cargado de emoci\u00f3n, Esp\u00ednola venci\u00f3 al brasile\u00f1o Matheus Goncalves por 2 a 1.&nbsp;<strong>El argentino se impuso 5-4 en el primer round<\/strong>, cay\u00f3 9-8 en el segundo y sell\u00f3 el triunfo con un contundente 14-4 en el tercer asalto.<\/p>\n\n\n\n<p>Para llegar a la final, Esp\u00ednola super\u00f3 al chileno \u00c1aron Contreras en cuartos de final (0-4, 4-1 y 2-1) y luego al puertorrique\u00f1o Ilay Rodr\u00edguez en semifinales (4-1 y 10-4).<\/p>\n\n\n\n<p>El taekwondo es una disciplina de origen coreano que combina t\u00e9cnicas de pu\u00f1o y patadas, y se desarrolla en tres rounds de dos minutos. Los combates se punt\u00faan a trav\u00e9s de sensores en los petos y cascos, que registran los impactos v\u00e1lidos durante los enfrentamientos.<\/p>\n\n\n\n<p>La medalla dorada obtenida por Esp\u00ednola representa un comienzo alentador para la delegaci\u00f3n argentina en esta disciplina y marca un hito en su joven carrera deportiva.<\/p>\n","protected":false},"excerpt":{"rendered":"<p>El correntino se impuso en la categor\u00eda hasta 58 kilos en una vibrante final ante Brasil. Fue el \u00fanico representante argentino en competencia durante la jornada inaugural. En el&nbsp;debut del&hellip; <\/p>\n","protected":false},"author":6,"featured_media":222619,"comment_status":"closed","ping_status":"open","sticky":false,"template":"","format":"standard","meta":{"footnotes":""},"categories":[4],"tags":[],"class_list":["post-222616","post","type-post","status-publish","format-standard","has-post-thumbnail","hentry","category-deportes"],"_links":{"self":[{"href":"https:\/\/corrientesdetarde.com\/index.php\/wp-json\/wp\/v2\/posts\/222616","targetHints":{"allow":["GET"]}}],"collection":[{"href":"https:\/\/corrientesdetarde.com\/index.php\/wp-json\/wp\/v2\/posts"}],"about":[{"href":"https:\/\/corrientesdetarde.com\/index.php\/wp-json\/wp\/v2\/types\/post"}],"author":[{"embeddable":true,"href":"https:\/\/corrientesdetarde.com\/index.php\/wp-json\/wp\/v2\/users\/6"}],"replies":[{"embeddable":true,"href":"https:\/\/corrientesdetarde.com\/index.php\/wp-json\/wp\/v2\/comments?post=222616"}],"version-history":[{"count":1,"href":"https:\/\/corrientesdetarde.com\/index.php\/wp-json\/wp\/v2\/posts\/222616\/revisions"}],"predecessor-version":[{"id":222620,"href":"https:\/\/corrientesdetarde.com\/index.php\/wp-json\/wp\/v2\/posts\/222616\/revisions\/222620"}],"wp:featuredmedia":[{"embeddable":true,"href":"https:\/\/corrientesdetarde.com\/index.php\/wp-json\/wp\/v2\/media\/222619"}],"wp:attachment":[{"href":"https:\/\/corrientesdetarde.com\/index.php\/wp-json\/wp\/v2\/media?parent=222616"}],"wp:term":[{"taxonomy":"category","embeddable":true,"href":"https:\/\/corrientesdetarde.com\/index.php\/wp-json\/wp\/v2\/categories?post=222616"},{"taxonomy":"post_tag","embeddable":true,"href":"https:\/\/corrientesdetarde.com\/index.php\/wp-json\/wp\/v2\/tags?post=222616"}],"curies":[{"name":"wp","href":"https:\/\/api.w.org\/{rel}","templated":true}]}}