{"id":222617,"date":"2025-08-16T10:20:00","date_gmt":"2025-08-16T13:20:00","guid":{"rendered":"https:\/\/corrientesdetarde.com\/?p=222617"},"modified":"2025-08-16T10:46:48","modified_gmt":"2025-08-16T13:46:48","slug":"diogenes-gonzalez-sera-candidato-a-diputado-nacional-por-vamos-corrientes","status":"publish","type":"post","link":"https:\/\/corrientesdetarde.com\/index.php\/politica\/diogenes-gonzalez-sera-candidato-a-diputado-nacional-por-vamos-corrientes\/","title":{"rendered":"Di\u00f3genes Gonz\u00e1lez ser\u00e1 candidato a diputado nacional por Vamos Corrientes."},"content":{"rendered":"\n<h2 class=\"wp-block-heading\">Fuentes cercanas al espacio pol\u00edtico confirmaron su postulaci\u00f3n para las elecciones de octubre.<\/h2>\n\n\n\n<p>El actual senador provincial\u00a0<strong>Di\u00f3genes Gonz\u00e1lez<\/strong>\u00a0ser\u00e1 candidato a\u00a0<strong>diputado nacional<\/strong>\u00a0por la alianza\u00a0<strong>Vamos Corrientes<\/strong>\u00a0en las pr\u00f3ximas elecciones nacionales previstas para octubre.<\/p>\n\n\n\n<p>Gonz\u00e1lez, que actualmente ocupa una banca en la Legislatura provincial, ser\u00e1 uno de los nombres que integrar\u00e1n la lista de candidatos de la coalici\u00f3n oficialista correntina para competir por una representaci\u00f3n en la C\u00e1mara de Diputados de la Naci\u00f3n.<\/p>\n\n\n\n<p><\/p>\n","protected":false},"excerpt":{"rendered":"<p>Fuentes cercanas al espacio pol\u00edtico confirmaron su postulaci\u00f3n para las elecciones de octubre. El actual senador provincial\u00a0Di\u00f3genes Gonz\u00e1lez\u00a0ser\u00e1 candidato a\u00a0diputado nacional\u00a0por la alianza\u00a0Vamos Corrientes\u00a0en las pr\u00f3ximas elecciones nacionales previstas para&hellip; <\/p>\n","protected":false},"author":6,"featured_media":222621,"comment_status":"closed","ping_status":"open","sticky":false,"template":"","format":"standard","meta":{"footnotes":""},"categories":[3],"tags":[],"class_list":["post-222617","post","type-post","status-publish","format-standard","has-post-thumbnail","hentry","category-politica"],"_links":{"self":[{"href":"https:\/\/corrientesdetarde.com\/index.php\/wp-json\/wp\/v2\/posts\/222617","targetHints":{"allow":["GET"]}}],"collection":[{"href":"https:\/\/corrientesdetarde.com\/index.php\/wp-json\/wp\/v2\/posts"}],"about":[{"href":"https:\/\/corrientesdetarde.com\/index.php\/wp-json\/wp\/v2\/types\/post"}],"author":[{"embeddable":true,"href":"https:\/\/corrientesdetarde.com\/index.php\/wp-json\/wp\/v2\/users\/6"}],"replies":[{"embeddable":true,"href":"https:\/\/corrientesdetarde.com\/index.php\/wp-json\/wp\/v2\/comments?post=222617"}],"version-history":[{"count":1,"href":"https:\/\/corrientesdetarde.com\/index.php\/wp-json\/wp\/v2\/posts\/222617\/revisions"}],"predecessor-version":[{"id":222622,"href":"https:\/\/corrientesdetarde.com\/index.php\/wp-json\/wp\/v2\/posts\/222617\/revisions\/222622"}],"wp:featuredmedia":[{"embeddable":true,"href":"https:\/\/corrientesdetarde.com\/index.php\/wp-json\/wp\/v2\/media\/222621"}],"wp:attachment":[{"href":"https:\/\/corrientesdetarde.com\/index.php\/wp-json\/wp\/v2\/media?parent=222617"}],"wp:term":[{"taxonomy":"category","embeddable":true,"href":"https:\/\/corrientesdetarde.com\/index.php\/wp-json\/wp\/v2\/categories?post=222617"},{"taxonomy":"post_tag","embeddable":true,"href":"https:\/\/corrientesdetarde.com\/index.php\/wp-json\/wp\/v2\/tags?post=222617"}],"curies":[{"name":"wp","href":"https:\/\/api.w.org\/{rel}","templated":true}]}}