{"id":222618,"date":"2025-08-16T10:30:00","date_gmt":"2025-08-16T13:30:00","guid":{"rendered":"https:\/\/corrientesdetarde.com\/?p=222618"},"modified":"2025-08-16T10:49:27","modified_gmt":"2025-08-16T13:49:27","slug":"valdes-encabezara-inauguraciones-y-un-acto-oficial-en-yapeyu","status":"publish","type":"post","link":"https:\/\/corrientesdetarde.com\/index.php\/politica\/valdes-encabezara-inauguraciones-y-un-acto-oficial-en-yapeyu\/","title":{"rendered":"Vald\u00e9s encabezar\u00e1 inauguraciones y un acto oficial en Yapey\u00fa."},"content":{"rendered":"\n<h2 class=\"wp-block-heading\">El gobernador desarrollar\u00e1 una intensa agenda en Yapey\u00fa con obras de infraestructura, entregas de programas sociales y el acto central en homenaje al Padre de la Patria.<\/h2>\n\n\n\n<p>El gobernador de Corrientes,&nbsp;<strong>Gustavo Vald\u00e9s<\/strong>, desarrollar\u00e1 este fin de semana una agenda institucional en la localidad de&nbsp;<strong>Yapey\u00fa<\/strong>, con diversas actividades que incluyen inauguraciones de obras de infraestructura y el acto oficial por el<strong>&nbsp;175\u00b0 aniversario del paso a la inmortalidad del General Jos\u00e9 Francisco de San Mart\u00edn<\/strong>.<\/p>\n\n\n\n<p>Las actividades comenzar\u00e1n el&nbsp;<strong>s\u00e1bado a las 16:30<\/strong>, con la inauguraci\u00f3n del Centro Integral para Personas con Discapacidad, ubicado sobre la Ruta Nacional N\u00b0 122, en el acceso a la localidad. El mandatario estar\u00e1 acompa\u00f1ado por la intendente de Yapey\u00fa, Marisol Fag\u00fandez.<\/p>\n\n\n\n<p>M\u00e1s tarde, a las 17:30, se habilitar\u00e1n la Plazoleta de la Mujer y 30 cuadras de ripio en el barrio Rosa Guar\u00fa. Posteriormente, las autoridades se trasladar\u00e1n a la plaza San Mart\u00edn, frente al Templete, para dejar inauguradas obras de puesta en valor del espacio p\u00fablico, la Iglesia &#8220;San Mart\u00edn de Tours&#8221; y un nuevo sistema de monitoreo con 18 c\u00e1maras. Tambi\u00e9n se habilitar\u00e1n trabajos de cord\u00f3n cuneta y badenes, 30 cuadras de iluminaci\u00f3n LED, y se har\u00e1 entrega de bienes de capital en el marco del programa provincial &#8220;Emprendedores Somos Todos&#8221;.<\/p>\n\n\n\n<p>A las 19:00 est\u00e1 prevista la inauguraci\u00f3n del nuevo sistema de iluminaci\u00f3n del polideportivo municipal.<\/p>\n\n\n\n<p>El domingo, a las 14:30, en la Plaza de Armas del Templete Sanmartiniano, el gobernador Vald\u00e9s presidir\u00e1 el acto oficial en conmemoraci\u00f3n del 175\u00b0 aniversario del fallecimiento del General Jos\u00e9 Francisco de San Mart\u00edn, figura central en la historia argentina y libertador de Am\u00e9rica.<\/p>\n","protected":false},"excerpt":{"rendered":"<p>El gobernador desarrollar\u00e1 una intensa agenda en Yapey\u00fa con obras de infraestructura, entregas de programas sociales y el acto central en homenaje al Padre de la Patria. El gobernador de&hellip; <\/p>\n","protected":false},"author":6,"featured_media":222623,"comment_status":"closed","ping_status":"open","sticky":false,"template":"","format":"standard","meta":{"footnotes":""},"categories":[3],"tags":[],"class_list":["post-222618","post","type-post","status-publish","format-standard","has-post-thumbnail","hentry","category-politica"],"_links":{"self":[{"href":"https:\/\/corrientesdetarde.com\/index.php\/wp-json\/wp\/v2\/posts\/222618","targetHints":{"allow":["GET"]}}],"collection":[{"href":"https:\/\/corrientesdetarde.com\/index.php\/wp-json\/wp\/v2\/posts"}],"about":[{"href":"https:\/\/corrientesdetarde.com\/index.php\/wp-json\/wp\/v2\/types\/post"}],"author":[{"embeddable":true,"href":"https:\/\/corrientesdetarde.com\/index.php\/wp-json\/wp\/v2\/users\/6"}],"replies":[{"embeddable":true,"href":"https:\/\/corrientesdetarde.com\/index.php\/wp-json\/wp\/v2\/comments?post=222618"}],"version-history":[{"count":1,"href":"https:\/\/corrientesdetarde.com\/index.php\/wp-json\/wp\/v2\/posts\/222618\/revisions"}],"predecessor-version":[{"id":222624,"href":"https:\/\/corrientesdetarde.com\/index.php\/wp-json\/wp\/v2\/posts\/222618\/revisions\/222624"}],"wp:featuredmedia":[{"embeddable":true,"href":"https:\/\/corrientesdetarde.com\/index.php\/wp-json\/wp\/v2\/media\/222623"}],"wp:attachment":[{"href":"https:\/\/corrientesdetarde.com\/index.php\/wp-json\/wp\/v2\/media?parent=222618"}],"wp:term":[{"taxonomy":"category","embeddable":true,"href":"https:\/\/corrientesdetarde.com\/index.php\/wp-json\/wp\/v2\/categories?post=222618"},{"taxonomy":"post_tag","embeddable":true,"href":"https:\/\/corrientesdetarde.com\/index.php\/wp-json\/wp\/v2\/tags?post=222618"}],"curies":[{"name":"wp","href":"https:\/\/api.w.org\/{rel}","templated":true}]}}