{"id":222628,"date":"2025-08-16T11:00:00","date_gmt":"2025-08-16T14:00:00","guid":{"rendered":"https:\/\/corrientesdetarde.com\/?p=222628"},"modified":"2025-08-16T11:05:18","modified_gmt":"2025-08-16T14:05:18","slug":"el-dueno-de-hlb-pharma-declaro-voy-a-ir-preso-muy-pronto","status":"publish","type":"post","link":"https:\/\/corrientesdetarde.com\/index.php\/crimen-y-justicia\/el-dueno-de-hlb-pharma-declaro-voy-a-ir-preso-muy-pronto\/","title":{"rendered":"El due\u00f1o de HLB Pharma declar\u00f3: \u201cVoy a ir preso muy pronto\u201d."},"content":{"rendered":"\n<h2 class=\"wp-block-heading\">El empresario, sospechado de distribuir el fentanilo contaminado que provoc\u00f3 la muerte de m\u00e1s de 90 personas, afirm\u00f3: \u201cSi soy culpable, lo decidir\u00e1 un juez\u201d.<\/h2>\n\n\n\n<p>En medio de la investigaci\u00f3n judicial por las m\u00e1s de 90 muertes por el uso del\u00a0<strong>fentanilo contaminado\u00a0<\/strong>en hospitales, el due\u00f1o del laboratorio investigado,\u00a0<strong>Ariel Garc\u00eda Furfaro<\/strong>, volvi\u00f3 a defenderse de las acusaciones en su contra.<\/p>\n\n\n\n<p><strong>\u201cVoy a ir preso muy pronto, no quieren que se sepa la verdad\u201d<\/strong>, dijo el empresario en declaraciones a&nbsp;<em>S\u00e1bado Tempran\u00edsimo<\/em>, por<em>&nbsp;Radio Mitre<\/em>.<\/p>\n\n\n\n<p>Sin ahondar en detalles, Furfaro asegur\u00f3 que existe \u201cun servicio de inteligencia sospechado\u201d por las muertes. \u201cEst\u00e1 en el mismo edificio de Puerto Madero que el abogado de los familiares de las v\u00edctimas. \u00bfNo es raro?\u201d, desliz\u00f3.<\/p>\n\n\n\n<p><strong>\u201cSoy el tipo m\u00e1s odiado del pa\u00eds.&nbsp;<\/strong>Hace tres meses que me est\u00e1n diciendo asesino y yo estoy poniendo la cara\u201d, enfatiz\u00f3.<\/p>\n\n\n\n<p>\u201cSi hubo un error o una negligencia, ac\u00e1 estoy. Pero no jueguen con la gente. Si hay otras hip\u00f3tesis, investiguen\u201d, remarc\u00f3 Furfaro.<\/p>\n\n\n\n<p>En el mismo sentido, insinu\u00f3: \u201c\u00bfSi los servicios de inteligencia pudieron haber contaminado las ampollas? Puede ser una hip\u00f3tesis. \u00bfPor qu\u00e9 descartarla?\u201d.<\/p>\n\n\n\n<p><strong>\u201cYo trabajaba, no mataba gente.<\/strong>&nbsp;Si soy culpable, lo decidir\u00e1 un juez\u201d, agreg\u00f3.<\/p>\n\n\n\n<h2 class=\"wp-block-heading\">C\u00f3mo sigue la investigaci\u00f3n<\/h2>\n\n\n\n<p>El juez federal&nbsp;<strong>Ernesto Kreplak<\/strong>, quien lleva adelante la causa, dispuso el inicio de las pericias por parte del Cuerpo M\u00e9dico de la Corte Suprema de Justicia&nbsp;<strong>para el lunes 25 de agosto<\/strong>. El proceso consistir\u00e1 en analizar una muestra de 20 historias cl\u00ednicas de pacientes que fallecieron luego de que les suministraran el analg\u00e9sico.<\/p>\n\n\n\n<p>Esta nueva etapa de la investigaci\u00f3n comenzar\u00e1 tras la recepci\u00f3n de los informes del Instituto Nacional de Enfermedades Infecciosas Dr. Carlos G. Malbr\u00e1n, cuyo personal analiz\u00f3 los lotes sospechosos.<\/p>\n\n\n\n<p>Adem\u00e1s, los especialistas del Instituto Malbr\u00e1n deber\u00e1n terminar la evaluaci\u00f3n el 19 de agosto para entregar el informe en la ma\u00f1ana siguiente, seg\u00fan lo orden\u00f3 el juez.<\/p>\n\n\n\n<p>Cinco d\u00edas despu\u00e9s, el Cuerpo M\u00e9dico de la Corte Suprema\u00a0<strong>comenzar\u00e1 a analizar las 20 historias cl\u00ednicas de pacientes<\/strong>\u00a0que fallecieron producto del fentanilo contaminado. El objetivo del juez Kreplak es\u00a0<strong>cotejar\u00a0<\/strong>los resultados del instituto con los del cuerpo m\u00e9dico.<\/p>\n\n\n\n<p>Hasta el momento, se registraron 96 muertes por infecciones bacterianas graves. Los lotes se\u00f1alados son los<strong>&nbsp;31.202 y 31.244<\/strong>, contaminados con las bacterias&nbsp;<em>klebsiella pneumoniae&nbsp;<\/em>y&nbsp;<em>ralstonia pickettii<\/em>, de acuerdo con la investigaci\u00f3n judicial.<\/p>\n\n\n\n<p>Ambos fueron fabricados en diciembre de 2024 por el&nbsp;<strong>laboratorio Ramallo S.A.<\/strong>, asociado con el laboratorio&nbsp;<strong>HLB Pharma Group<\/strong>. Adem\u00e1s, estar\u00eda involucrado en el caso la droguer\u00eda Alfarma, encargada de importar el fentanilo en polvo.<\/p>\n\n\n\n<p>Las tres empresas mencionadas son manejadas por&nbsp;<strong>Garc\u00eda Furfaro<\/strong>, que en la \u00faltima semana present\u00f3 un escrito para pedir la postergaci\u00f3n de las pericias de la Corte Suprema. Sin embargo, el juez Kreplak se lo deneg\u00f3 y la investigaci\u00f3n comenzar\u00e1 en la fecha fijada.<\/p>\n","protected":false},"excerpt":{"rendered":"<p>El empresario, sospechado de distribuir el fentanilo contaminado que provoc\u00f3 la muerte de m\u00e1s de 90 personas, afirm\u00f3: \u201cSi soy culpable, lo decidir\u00e1 un juez\u201d. En medio de la investigaci\u00f3n&hellip; <\/p>\n","protected":false},"author":6,"featured_media":222632,"comment_status":"closed","ping_status":"open","sticky":false,"template":"","format":"standard","meta":{"footnotes":""},"categories":[5],"tags":[],"class_list":["post-222628","post","type-post","status-publish","format-standard","has-post-thumbnail","hentry","category-crimen-y-justicia"],"_links":{"self":[{"href":"https:\/\/corrientesdetarde.com\/index.php\/wp-json\/wp\/v2\/posts\/222628","targetHints":{"allow":["GET"]}}],"collection":[{"href":"https:\/\/corrientesdetarde.com\/index.php\/wp-json\/wp\/v2\/posts"}],"about":[{"href":"https:\/\/corrientesdetarde.com\/index.php\/wp-json\/wp\/v2\/types\/post"}],"author":[{"embeddable":true,"href":"https:\/\/corrientesdetarde.com\/index.php\/wp-json\/wp\/v2\/users\/6"}],"replies":[{"embeddable":true,"href":"https:\/\/corrientesdetarde.com\/index.php\/wp-json\/wp\/v2\/comments?post=222628"}],"version-history":[{"count":1,"href":"https:\/\/corrientesdetarde.com\/index.php\/wp-json\/wp\/v2\/posts\/222628\/revisions"}],"predecessor-version":[{"id":222634,"href":"https:\/\/corrientesdetarde.com\/index.php\/wp-json\/wp\/v2\/posts\/222628\/revisions\/222634"}],"wp:featuredmedia":[{"embeddable":true,"href":"https:\/\/corrientesdetarde.com\/index.php\/wp-json\/wp\/v2\/media\/222632"}],"wp:attachment":[{"href":"https:\/\/corrientesdetarde.com\/index.php\/wp-json\/wp\/v2\/media?parent=222628"}],"wp:term":[{"taxonomy":"category","embeddable":true,"href":"https:\/\/corrientesdetarde.com\/index.php\/wp-json\/wp\/v2\/categories?post=222628"},{"taxonomy":"post_tag","embeddable":true,"href":"https:\/\/corrientesdetarde.com\/index.php\/wp-json\/wp\/v2\/tags?post=222628"}],"curies":[{"name":"wp","href":"https:\/\/api.w.org\/{rel}","templated":true}]}}