{"id":222635,"date":"2025-08-16T11:20:00","date_gmt":"2025-08-16T14:20:00","guid":{"rendered":"https:\/\/corrientesdetarde.com\/?p=222635"},"modified":"2025-08-16T11:09:23","modified_gmt":"2025-08-16T14:09:23","slug":"detienen-a-dos-sujetos-por-el-robo-de-ovejas","status":"publish","type":"post","link":"https:\/\/corrientesdetarde.com\/index.php\/policiales\/detienen-a-dos-sujetos-por-el-robo-de-ovejas\/","title":{"rendered":"Detienen a dos sujetos por el robo de ovejas."},"content":{"rendered":"\n<h2 class=\"wp-block-heading\">La Unidad Especial de Seguridad Ecol\u00f3gica y Rural (UESRE) de la Polic\u00eda de Corrientes esclareci\u00f3 un robo de ovejas en la localidad de Sauce.<\/h2>\n\n\n\n<p>Mediante un allanamiento detuvieron a dos hombres, recuperaron uno de los animales vivo y encontraron a otro animal faenado.<\/p>\n\n\n\n<p>Un peque\u00f1o productor de la zona se vio damnificado en el delito de abigeato.<\/p>\n\n\n\n<p>En horario de la noche, presuntamente, malvivientes accedieron a su propiedad y sustrajeron dos ovinos peque\u00f1os.<\/p>\n\n\n\n<p>La denuncia penal sobre lo sucedido moviliz\u00f3 a las autoridades de la UESRE local.<\/p>\n\n\n\n<p>El trabajo investigativo condujo a posar todas las sospechas como autoras del delito a personas que habitan un inmueble tipo chacra a un costado de la ruta provincial 23.<\/p>\n\n\n\n<p>Las autoridades recibieron una orden para allanar el domicilio donde presum\u00edan estar\u00edan los animales robados.<\/p>\n\n\n\n<p>En el lugar, propiedad de Mario &#8220;Marito&#8221; C. y de Oscar C., hallaron y secuestraron un cordero vivo con su se\u00f1al muesca arriba en la oreja izquierda,y despunte en la derecha, identificaci\u00f3n clave para constatar que son del denunciante. Aparte, encontraron un segundo animal faenado.<\/p>\n","protected":false},"excerpt":{"rendered":"<p>La Unidad Especial de Seguridad Ecol\u00f3gica y Rural (UESRE) de la Polic\u00eda de Corrientes esclareci\u00f3 un robo de ovejas en la localidad de Sauce. Mediante un allanamiento detuvieron a dos&hellip; <\/p>\n","protected":false},"author":6,"featured_media":222639,"comment_status":"closed","ping_status":"open","sticky":false,"template":"","format":"standard","meta":{"footnotes":""},"categories":[33],"tags":[],"class_list":["post-222635","post","type-post","status-publish","format-standard","has-post-thumbnail","hentry","category-policiales"],"_links":{"self":[{"href":"https:\/\/corrientesdetarde.com\/index.php\/wp-json\/wp\/v2\/posts\/222635","targetHints":{"allow":["GET"]}}],"collection":[{"href":"https:\/\/corrientesdetarde.com\/index.php\/wp-json\/wp\/v2\/posts"}],"about":[{"href":"https:\/\/corrientesdetarde.com\/index.php\/wp-json\/wp\/v2\/types\/post"}],"author":[{"embeddable":true,"href":"https:\/\/corrientesdetarde.com\/index.php\/wp-json\/wp\/v2\/users\/6"}],"replies":[{"embeddable":true,"href":"https:\/\/corrientesdetarde.com\/index.php\/wp-json\/wp\/v2\/comments?post=222635"}],"version-history":[{"count":1,"href":"https:\/\/corrientesdetarde.com\/index.php\/wp-json\/wp\/v2\/posts\/222635\/revisions"}],"predecessor-version":[{"id":222640,"href":"https:\/\/corrientesdetarde.com\/index.php\/wp-json\/wp\/v2\/posts\/222635\/revisions\/222640"}],"wp:featuredmedia":[{"embeddable":true,"href":"https:\/\/corrientesdetarde.com\/index.php\/wp-json\/wp\/v2\/media\/222639"}],"wp:attachment":[{"href":"https:\/\/corrientesdetarde.com\/index.php\/wp-json\/wp\/v2\/media?parent=222635"}],"wp:term":[{"taxonomy":"category","embeddable":true,"href":"https:\/\/corrientesdetarde.com\/index.php\/wp-json\/wp\/v2\/categories?post=222635"},{"taxonomy":"post_tag","embeddable":true,"href":"https:\/\/corrientesdetarde.com\/index.php\/wp-json\/wp\/v2\/tags?post=222635"}],"curies":[{"name":"wp","href":"https:\/\/api.w.org\/{rel}","templated":true}]}}