{"id":222636,"date":"2025-08-16T11:30:00","date_gmt":"2025-08-16T14:30:00","guid":{"rendered":"https:\/\/corrientesdetarde.com\/?p=222636"},"modified":"2025-08-16T11:11:24","modified_gmt":"2025-08-16T14:11:24","slug":"la-colecta-anual-de-caritas-recaudo-33-235-814-en-corrientes","status":"publish","type":"post","link":"https:\/\/corrientesdetarde.com\/index.php\/informacion-general\/la-colecta-anual-de-caritas-recaudo-33-235-814-en-corrientes\/","title":{"rendered":"La Colecta Anual de C\u00e1ritas recaud\u00f3 $33.235.814 en Corrientes."},"content":{"rendered":"\n<h2 class=\"wp-block-heading\">Desde C\u00e1ritas Diocesana, su referente Malvina Medina dio a conocer el monto total que fue juntado con alcanc\u00edas y sobres en las 50 parroquias en el &#8220;semaforeo&#8221; y a trav\u00e9s de transferencias. Esa cifra fue un 80% mayor a la obtenida el a\u00f1o pasado.<\/h2>\n\n\n\n<p>C\u00e1ritas Argentina realiz\u00f3 el 7 y 8 de junio su ya tradicional colecta anual, que tuvo bajada local en 50 parroquias a trav\u00e9s de C\u00e1ritas Diocesana. La campa\u00f1a solidaria se realiz\u00f3 bajo el lema &#8220;Sigamos organizando la esperanza&#8221;, con la premisa de reunir aportes econ\u00f3micos para sostener durante todo el a\u00f1o los programas de asistencia, promoci\u00f3n y desarrollo humano que la organizaci\u00f3n lleva adelante en las comunidades m\u00e1s vulnerables del pa\u00eds.<\/p>\n\n\n\n<p>Al respecto, la titular de C\u00e1ritas Diocesana, Malvina Medina, dijo a \u00e9poca: &#8220;Gracias a la solidaridad de cada coraz\u00f3n generoso en esta oportunidad recaudamos $33.235.814, monto que ser\u00e1 destinado a sostener y acompa\u00f1ar comunidades&#8221;.<\/p>\n\n\n\n<p>&#8220;Como cada a\u00f1o, y con mucha alegr\u00eda, damos a conocer el resultado de nuestra colecta para agradecer el compromiso de toda la sociedad correntina, y fortaleciendo la transparencia. El dinero recaudado es un 80% mayor al alcanzado el a\u00f1o pasado (en 2024 fue $18 millones)&#8221;, a\u00f1adi\u00f3 y explic\u00f3 que &#8220;el reparto de ese monto se divide en tres tercios. Un tercio va para C\u00e1ritas Nacional, el otro para la Diocesana y el tercero queda en las parroquias&#8221;.<\/p>\n\n\n\n<h2 class=\"wp-block-heading\">En el pa\u00eds<\/h2>\n\n\n\n<p>A nivel federal, C\u00e1ritas Argentina hizo saber que recaud\u00f3 un total de $ 3.034.279.801, lo que representa un aumento del 93,87% respecto a la edici\u00f3n anterior. La organizaci\u00f3n caritativa de la Iglesia consider\u00f3 que esta cifra refleja el compromiso firme de la sociedad argentina, a\u00fan en un contexto complejo, y reafirma la vocaci\u00f3n de servicio de C\u00e1ritas como puente para acompa\u00f1ar a las familias m\u00e1s postergadas del pa\u00eds.<\/p>\n\n\n\n<p>&#8220;Esta colecta no solo mide donaciones, sino el coraz\u00f3n de nuestra comunidad nacional&#8221;, afirm\u00f3 el presidente de esa ONG, monse\u00f1or Gustavo Carrara, al agradecer la participaci\u00f3n.<\/p>\n\n\n\n<p>&#8220;Cada peso recaudado nos permite sostener un trabajo que se basa en la cercan\u00eda con la gente, con la presencia de nuestros voluntarios en barrios y comunidades. Es all\u00ed donde se convierte en esperanza concreta&#8221;, destac\u00f3.<\/p>\n\n\n\n<p>Carrara asegur\u00f3: &#8220;En C\u00e1ritas entendemos que no basta con ayudar: buscamos empoderar y acompa\u00f1ar, para que las personas puedan ser protagonistas de su propio camino. Por eso, para nosotros, la colecta es una llamada a mirar al otro, a recordar que nadie est\u00e1 solo. Una invitaci\u00f3n a construir comunidad desde el compromiso colectivo&#8221;.<\/p>\n","protected":false},"excerpt":{"rendered":"<p>Desde C\u00e1ritas Diocesana, su referente Malvina Medina dio a conocer el monto total que fue juntado con alcanc\u00edas y sobres en las 50 parroquias en el &#8220;semaforeo&#8221; y a trav\u00e9s&hellip; <\/p>\n","protected":false},"author":6,"featured_media":222641,"comment_status":"closed","ping_status":"open","sticky":false,"template":"","format":"standard","meta":{"footnotes":""},"categories":[1],"tags":[],"class_list":["post-222636","post","type-post","status-publish","format-standard","has-post-thumbnail","hentry","category-informacion-general"],"_links":{"self":[{"href":"https:\/\/corrientesdetarde.com\/index.php\/wp-json\/wp\/v2\/posts\/222636","targetHints":{"allow":["GET"]}}],"collection":[{"href":"https:\/\/corrientesdetarde.com\/index.php\/wp-json\/wp\/v2\/posts"}],"about":[{"href":"https:\/\/corrientesdetarde.com\/index.php\/wp-json\/wp\/v2\/types\/post"}],"author":[{"embeddable":true,"href":"https:\/\/corrientesdetarde.com\/index.php\/wp-json\/wp\/v2\/users\/6"}],"replies":[{"embeddable":true,"href":"https:\/\/corrientesdetarde.com\/index.php\/wp-json\/wp\/v2\/comments?post=222636"}],"version-history":[{"count":1,"href":"https:\/\/corrientesdetarde.com\/index.php\/wp-json\/wp\/v2\/posts\/222636\/revisions"}],"predecessor-version":[{"id":222642,"href":"https:\/\/corrientesdetarde.com\/index.php\/wp-json\/wp\/v2\/posts\/222636\/revisions\/222642"}],"wp:featuredmedia":[{"embeddable":true,"href":"https:\/\/corrientesdetarde.com\/index.php\/wp-json\/wp\/v2\/media\/222641"}],"wp:attachment":[{"href":"https:\/\/corrientesdetarde.com\/index.php\/wp-json\/wp\/v2\/media?parent=222636"}],"wp:term":[{"taxonomy":"category","embeddable":true,"href":"https:\/\/corrientesdetarde.com\/index.php\/wp-json\/wp\/v2\/categories?post=222636"},{"taxonomy":"post_tag","embeddable":true,"href":"https:\/\/corrientesdetarde.com\/index.php\/wp-json\/wp\/v2\/tags?post=222636"}],"curies":[{"name":"wp","href":"https:\/\/api.w.org\/{rel}","templated":true}]}}