{"id":222645,"date":"2025-08-16T12:00:00","date_gmt":"2025-08-16T15:00:00","guid":{"rendered":"https:\/\/corrientesdetarde.com\/?p=222645"},"modified":"2025-08-16T11:21:37","modified_gmt":"2025-08-16T14:21:37","slug":"el-relato-del-amigo-de-julieta-prandi-que-la-ayudo-a-escapar","status":"publish","type":"post","link":"https:\/\/corrientesdetarde.com\/index.php\/crimen-y-justicia\/el-relato-del-amigo-de-julieta-prandi-que-la-ayudo-a-escapar\/","title":{"rendered":"El relato del amigo de Julieta Prandi que la ayud\u00f3 a escapar."},"content":{"rendered":"\n<h2 class=\"wp-block-heading\">Sebasti\u00e1n Waizer, quien fue testigo del juicio que culmin\u00f3 en una sentencia de 19 a\u00f1os por abuso sexual agravado, brind\u00f3 detalles de c\u00f3mo ayud\u00f3 a la modelo a escapar de su relaci\u00f3n con Contardi.<\/h2>\n\n\n\n<p><strong>Sebasti\u00e1n Waizer<\/strong>, amigo \u00edntimo de Julieta Prandi y testigo en el juicio contra su exmarido&nbsp;<strong>Claudio Contardi,<\/strong>&nbsp;relat\u00f3 c\u00f3mo ayud\u00f3 a la modelo a escapar de la relaci\u00f3n abusiva con el empresario, hoy condenado a 19 a\u00f1os de prisi\u00f3n por&nbsp;<strong>abuso sexual con acceso carnal agravado por causar un grave da\u00f1o en la salud mental de la v\u00edctima<\/strong>.<\/p>\n\n\n\n<p>En di\u00e1logo con el programa LAM, Waizer detall\u00f3 que se enter\u00f3 del calvario que viv\u00eda su amiga cuatro meses antes de que terminara el matrimonio, en 2019. \u201cEra reaccionar y tomar medidas. Claro que se sufre, pero es m\u00e1s buscar una soluci\u00f3n. Yo me par\u00e9 frente a ella desde ese lugar\u201d.<\/p>\n\n\n\n<p>\u201cA lo impulsivamente, la prioridad era sacar a Julieta de ah\u00ed\u201d, relat\u00f3, y explic\u00f3 que le propuso a la modelo irse \u201ccon lo puesto\u201d de la casa que compart\u00eda con Contardi. \u201cNo pod\u00e9s estar un minuto en esa casa. Yo sent\u00ed que tir\u00e9 una soga y se le transform\u00f3 la cara\u201d, a\u00f1adi\u00f3.<\/p>\n\n\n\n<p>El testigo del juicio describi\u00f3 al hogar de Prandi como \u201ctotalmente aterrado, bloqueado, fr\u00edo\u201d y \u201cdigitado por \u00e9l\u201d. En ese sentido, sostuvo: \u201c\u00c9l se meti\u00f3 en su cabeza a un punto que ella corta la comunicaci\u00f3n con la familia, sus amigos, sus colegas del espect\u00e1culo\u201d.<\/p>\n\n\n\n<p>Y agreg\u00f3: \u201cNadie se hubiese imaginado que estaba viviendo un calvario, que se apagaba la c\u00e1mara y le esperaba esta monstruosidad, de subir a un auto e irse a un cautiverio encerrada\u201d.<\/p>\n\n\n\n<p>El pasado mi\u00e9rcoles, d\u00eda del veredicto en el&nbsp;<strong>Tribunal Oral en lo Criminal N\u00b0 2 de Z\u00e1rate-Campana<\/strong>, Waizer habl\u00f3 con&nbsp;<strong>Infobae<\/strong>, momentos antes de la lectura del jurado.<\/p>\n\n\n\n<p>\u201cHay muchas personas esperando este veredicto y, en alg\u00fan punto,&nbsp;<strong>es la esperanza para muchas personas que no se animan. Julieta es la voz de muchas<\/strong>\u201c, dijo, en ese momento.<\/p>\n\n\n\n<p>Durante la breve entrevisya con este medio, detall\u00f3: \u201cEn esas situaciones, no es una decisi\u00f3n premeditada, organizada.&nbsp;<strong>En ese momento, es \u2018vamos\u2019<\/strong>. No hay mucho para analizar o reflexionar. Despu\u00e9s vino lo legal, el asesorarse e informarse. En su momento, por supuesto,<strong>&nbsp;fue salir de ah\u00ed y armarse ella<\/strong>.<strong>&nbsp;Llev\u00f3 mucho tiempo hasta que ella pudo empoderarse, enojarse, embroncarse y caer de lo que hab\u00eda vivido<\/strong>\u201d.<img loading=\"lazy\" decoding=\"async\" alt=\"La primera foto de Contardi,\" height=\"1080\" src=\"https:\/\/www.infobae.com\/resizer\/v2\/7FQWFJK6HVF6RGYSRDWHEHCWXA.png?auth=b039dd37ca58f452786b41f2f5cddcc1f0fe6bb5028f7d31ae6aa8eafb6ff5e9&amp;smart=true&amp;width=350&amp;height=197&amp;quality=85\" width=\"1920\">La primera foto de Contardi, detenido.<\/p>\n\n\n\n<h2 class=\"wp-block-heading\">El caso<\/h2>\n\n\n\n<p>La resoluci\u00f3n de los jueces lleg\u00f3 tras un calvario de diez a\u00f1os. Si bien los abusos habr\u00edan ocurrido entre 2015 y 2018, la investigaci\u00f3n se inici\u00f3 reci\u00e9n en 2021, a partir de la denuncia de Prandi ante la UFI N\u00b0 4 de Escobar.<\/p>\n\n\n\n<p>Seg\u00fan el relato de la conductora, Contardi comenz\u00f3 a controlar su vida tras mudarse a un country en Escobar: la alej\u00f3 de sus seres queridos, no le permit\u00eda manejar e incluso la oblig\u00f3 a cambiar su n\u00famero de tel\u00e9fono.<\/p>\n\n\n\n<p>Las violaciones comenzaron meses despu\u00e9s, tras el nacimiento del primer hijo de la pareja.&nbsp;<strong>No obstante, ya hab\u00eda signos de agresiones verbales durante el embarazo del ni\u00f1o.<\/strong><\/p>\n\n\n\n<p>El sometimiento se intensific\u00f3 tras el parto, ya que \u2014seg\u00fan el relato de Prandi\u2014 \u00e9l la tomaba del pelo y la forzaba cuando ella se negaba a tener sexo.&nbsp;<strong>\u201c\u00bfEst\u00e1s con alguien, putita?\u201d<\/strong>, le preguntaba. Para entonces, ella sent\u00eda n\u00e1useas cuando o\u00eda a su marido llegar a casa.<\/p>\n\n\n\n<p>Seg\u00fan detall\u00f3 la modelo, sus padres reci\u00e9n pudieron conocer al segundo hijo cuando el ni\u00f1o cumpli\u00f3 cuatro a\u00f1os. \u201cContardi\u00a0<strong>hac\u00eda alarde de ser pai de la religi\u00f3n umbanda<\/strong>\u00a0y con ello la obligaba a que le diga, minuto a minuto, o lo que hab\u00eda hecho en el d\u00eda, refiri\u00e9ndole que si ella no sab\u00eda, que \u00e9l pod\u00eda averiguarlo y desplegaba sus cartas sobre la mesa\u201d, indica un fragmento del expediente.<\/p>\n\n\n\n<p>Entre las agresiones verbales denunciadas, se incluyen frases como \u201cSi fueras hombre, no te dejo un solo hueso sano\u201d o \u201cNo vas a cumplir m\u00e1s a\u00f1os, vas a recibir una corona\u201d. Tambi\u00e9n le hablaba de<strong>&nbsp;\u201cescribir su testamento\u201d&nbsp;<\/strong>y la convenci\u00f3 falsamente de que ten\u00eda \u201cun c\u00e1ncer en el est\u00f3mago\u201d.<\/p>\n\n\n\n<p><a href=\"https:\/\/www.infobae.com\/sociedad\/2025\/08\/16\/vuelven-las-lluvias-al-amba-a-que-hora-lloveria-y-como-seguira-el-clima-durante-el-fin-de-semana\/\" target=\"_blank\" rel=\"noreferrer noopener\"><\/a><\/p>\n","protected":false},"excerpt":{"rendered":"<p>Sebasti\u00e1n Waizer, quien fue testigo del juicio que culmin\u00f3 en una sentencia de 19 a\u00f1os por abuso sexual agravado, brind\u00f3 detalles de c\u00f3mo ayud\u00f3 a la modelo a escapar de&hellip; <\/p>\n","protected":false},"author":6,"featured_media":222650,"comment_status":"closed","ping_status":"open","sticky":false,"template":"","format":"standard","meta":{"footnotes":""},"categories":[5],"tags":[],"class_list":["post-222645","post","type-post","status-publish","format-standard","has-post-thumbnail","hentry","category-crimen-y-justicia"],"_links":{"self":[{"href":"https:\/\/corrientesdetarde.com\/index.php\/wp-json\/wp\/v2\/posts\/222645","targetHints":{"allow":["GET"]}}],"collection":[{"href":"https:\/\/corrientesdetarde.com\/index.php\/wp-json\/wp\/v2\/posts"}],"about":[{"href":"https:\/\/corrientesdetarde.com\/index.php\/wp-json\/wp\/v2\/types\/post"}],"author":[{"embeddable":true,"href":"https:\/\/corrientesdetarde.com\/index.php\/wp-json\/wp\/v2\/users\/6"}],"replies":[{"embeddable":true,"href":"https:\/\/corrientesdetarde.com\/index.php\/wp-json\/wp\/v2\/comments?post=222645"}],"version-history":[{"count":2,"href":"https:\/\/corrientesdetarde.com\/index.php\/wp-json\/wp\/v2\/posts\/222645\/revisions"}],"predecessor-version":[{"id":222652,"href":"https:\/\/corrientesdetarde.com\/index.php\/wp-json\/wp\/v2\/posts\/222645\/revisions\/222652"}],"wp:featuredmedia":[{"embeddable":true,"href":"https:\/\/corrientesdetarde.com\/index.php\/wp-json\/wp\/v2\/media\/222650"}],"wp:attachment":[{"href":"https:\/\/corrientesdetarde.com\/index.php\/wp-json\/wp\/v2\/media?parent=222645"}],"wp:term":[{"taxonomy":"category","embeddable":true,"href":"https:\/\/corrientesdetarde.com\/index.php\/wp-json\/wp\/v2\/categories?post=222645"},{"taxonomy":"post_tag","embeddable":true,"href":"https:\/\/corrientesdetarde.com\/index.php\/wp-json\/wp\/v2\/tags?post=222645"}],"curies":[{"name":"wp","href":"https:\/\/api.w.org\/{rel}","templated":true}]}}