{"id":222761,"date":"2025-08-17T11:01:53","date_gmt":"2025-08-17T14:01:53","guid":{"rendered":"https:\/\/corrientesdetarde.com\/?p=222761"},"modified":"2025-08-17T11:01:55","modified_gmt":"2025-08-17T14:01:55","slug":"la-serie-sobre-moria-casan-ya-tiene-dos-figuras-confirmadas","status":"publish","type":"post","link":"https:\/\/corrientesdetarde.com\/index.php\/espectaculos\/la-serie-sobre-moria-casan-ya-tiene-dos-figuras-confirmadas\/","title":{"rendered":"La serie sobre Moria Cas\u00e1n ya tiene dos figuras confirmadas"},"content":{"rendered":"\n<p>En medio del hermetismo por el proyecto que retratar\u00e1 la vida de La One, se conocieron los nombres de dos actrices que la representar\u00e1n y una que no ser\u00e1 de la partida.&nbsp;<\/p>\n\n\n\n<p>En medio del creciente furor por las bioseries de figuras como Carlos Menem, Guillermo Coppola y Diego Maradona, Netflix dej\u00f3 en claro que el pr\u00f3ximo gran homenaje audiovisual ser\u00e1 para Moria Cas\u00e1n. El proyecto recorrer\u00e1 la vida de la diva argentina dividida en tres etapas, cada una interpretada por una actriz diferente, y la emoci\u00f3n por el proyecto ya se siente tanto en la industria como entre sus fan\u00e1ticos. En especial luego de conocerse el nombre de algunas de las figuras que la encarnar\u00e1n en la pantalla chica.<\/p>\n\n\n\n<p>La noticia cobr\u00f3 fuerza el lunes por la tarde, cuando Cecilia Roth fue la encargada de revelar detalles en el stream \u00c1ngel Responde (Bondi Live). All\u00ed, la reconocida actriz confirm\u00f3 que asumir\u00e1 el desaf\u00edo de personificar a la exvedette en la etapa m\u00e1s reciente, retratando su presente y los \u00faltimos cap\u00edtulos de su historia. &#8220;Voy a hacer de Moria. Hay mucho para estudiar, quiero su alma&#8221;, confi\u00f3 Roth con entusiasmo, y agreg\u00f3 que aunque conoce a la diva, no compartieron muchas experiencias, pero la considera &#8220;encantadora e inteligente&#8221;.<\/p>\n\n\n\n<p>En ese mismo espacio, Roth sorprendi\u00f3 a la audiencia al anunciar que Griselda Siciliani tendr\u00e1 a cargo el papel de Moria en la segunda parte de la serie. Tambi\u00e9n revel\u00f3 que la producci\u00f3n ten\u00eda en la mira a Lali Esp\u00f3sito para el papel de la Cas\u00e1n m\u00e1s joven, pero los compromisos de agenda de la cantante, incluida la grabaci\u00f3n de La Voz Argentina (Telefe) y su gira musical, impidieron que aceptara. &#8220;En un principio iba a ser Lali, pero no pudo arreglar por sus shows&#8221;, relat\u00f3, manteniendo la expectativa por saber qui\u00e9n completar\u00e1 el tr\u00edo protag\u00f3nico.<\/p>\n\n\n\n<p>A poco tiempo de conocerse la palabra de la actriz, la propia Cas\u00e1n comparti\u00f3 su reacci\u00f3n en X. &#8220;Bravo Roth, y en un cap\u00edtulo muy fuerte&#8221;, escribi\u00f3, emocionada, ante el anuncio de la reconocida actriz..<\/p>\n\n\n\n<figure class=\"wp-block-image\"><img decoding=\"async\" src=\"https:\/\/www.diarioepoca.com\/content\/bucket\/1\/1443201w380h266c.jpg.webp\" alt=\"\"\/><\/figure>\n\n\n\n<p>Cabe recordar que el proyecto biogr\u00e1fico de Moria ven\u00eda generando expectativa desde el a\u00f1o pasado. En octubre, Teleshow confirm\u00f3 que la ficci\u00f3n est\u00e1 en manos de la productora About Entertainment, la misma responsable de Croma\u00f1\u00f3n (centrada en la tragedia del boliche de Once) y de El Presidente sobre los esc\u00e1ndalos en la FIFA, ambas para Amazon Prime. De todas maneras, el desarrollo de La One se cuida bajo estricto hermetismo. &#8220;No tenemos m\u00e1s informaci\u00f3n al respecto&#8221;, aseguraron a este medio desde el entorno de la plataforma.<\/p>\n\n\n\n<p>Su manager Maxi Cardaci fue escueto pero claro en declaraciones a este medio: &#8220;Con Netflix hay confidencialidad y solo podemos decir que ser\u00e1 una serie ficci\u00f3n y que Moria est\u00e1 mega mega (sic) feliz con este proyecto&#8221;. Y, a poco tiempo de revolucionar la noticia, la propia Moria comparti\u00f3 un posteo dfe la plataforma de Netflix con un cartel que aseguraba que este proyecta iba sobre los rieles. &#8220;Netflix se cuelga de mis tetas. Firma: La One&#8221;, fueron las palabras que pod\u00edan apreciarse en el cartel compartido en Instagram.<\/p>\n\n\n\n<p>La noticia r\u00e1pidamente explot\u00f3 en redes sociales. En ese entonces, fan\u00e1ticos y seguidores pusieron el foco en la posibilidad de que Lali tenga alg\u00fan rol destacado, recordando la qu\u00edmica memorable que mostr\u00f3 junto a Moria en el videoclip de la canci\u00f3n &#8220;\u00bfQui\u00e9nes son?&#8221;, algo que finalmente qued\u00f3 descartado. Otros celebraron la inminente biopic recordando frases inolvidables como &#8220;el decorado se calla&#8221;, &#8220;Silvina Escupidero&#8221;, &#8220;decime c\u00f3mo se dice en ingl\u00e9s, soy una atrevida caradura que quiere fama&#8221; y tantas ocurrencias que cimentaron el mito de su lengua filosa y su personalidad arrolladora.<\/p>\n\n\n\n<p>Mientras el misterio por el resto del elenco sigue abierto y la expectativa crece, la biograf\u00eda de la exvedette en Netflix se posiciona como una de las series argentinas m\u00e1s esperadas del a\u00f1o. El desaf\u00edo ser\u00e1 plasmar el magnetismo, carisma y la revoluci\u00f3n cultural que representa la vida de la diva en cada uno de los episodios de la diva.<\/p>\n","protected":false},"excerpt":{"rendered":"<p>En medio del hermetismo por el proyecto que retratar\u00e1 la vida de La One, se conocieron los nombres de dos actrices que la representar\u00e1n y una que no ser\u00e1 de&hellip; <\/p>\n","protected":false},"author":3,"featured_media":222782,"comment_status":"closed","ping_status":"open","sticky":false,"template":"","format":"standard","meta":{"footnotes":""},"categories":[19],"tags":[],"class_list":["post-222761","post","type-post","status-publish","format-standard","has-post-thumbnail","hentry","category-espectaculos"],"_links":{"self":[{"href":"https:\/\/corrientesdetarde.com\/index.php\/wp-json\/wp\/v2\/posts\/222761","targetHints":{"allow":["GET"]}}],"collection":[{"href":"https:\/\/corrientesdetarde.com\/index.php\/wp-json\/wp\/v2\/posts"}],"about":[{"href":"https:\/\/corrientesdetarde.com\/index.php\/wp-json\/wp\/v2\/types\/post"}],"author":[{"embeddable":true,"href":"https:\/\/corrientesdetarde.com\/index.php\/wp-json\/wp\/v2\/users\/3"}],"replies":[{"embeddable":true,"href":"https:\/\/corrientesdetarde.com\/index.php\/wp-json\/wp\/v2\/comments?post=222761"}],"version-history":[{"count":1,"href":"https:\/\/corrientesdetarde.com\/index.php\/wp-json\/wp\/v2\/posts\/222761\/revisions"}],"predecessor-version":[{"id":222789,"href":"https:\/\/corrientesdetarde.com\/index.php\/wp-json\/wp\/v2\/posts\/222761\/revisions\/222789"}],"wp:featuredmedia":[{"embeddable":true,"href":"https:\/\/corrientesdetarde.com\/index.php\/wp-json\/wp\/v2\/media\/222782"}],"wp:attachment":[{"href":"https:\/\/corrientesdetarde.com\/index.php\/wp-json\/wp\/v2\/media?parent=222761"}],"wp:term":[{"taxonomy":"category","embeddable":true,"href":"https:\/\/corrientesdetarde.com\/index.php\/wp-json\/wp\/v2\/categories?post=222761"},{"taxonomy":"post_tag","embeddable":true,"href":"https:\/\/corrientesdetarde.com\/index.php\/wp-json\/wp\/v2\/tags?post=222761"}],"curies":[{"name":"wp","href":"https:\/\/api.w.org\/{rel}","templated":true}]}}