{"id":222763,"date":"2025-08-17T11:01:43","date_gmt":"2025-08-17T14:01:43","guid":{"rendered":"https:\/\/corrientesdetarde.com\/?p=222763"},"modified":"2025-08-17T11:01:55","modified_gmt":"2025-08-17T14:01:55","slug":"trump-confirma-su-cita-con-zelenski-si-todo-va-bien-fijaremos-una-reunion-con-putin","status":"publish","type":"post","link":"https:\/\/corrientesdetarde.com\/index.php\/internacionales\/trump-confirma-su-cita-con-zelenski-si-todo-va-bien-fijaremos-una-reunion-con-putin\/","title":{"rendered":"Trump confirma su cita con Zelenski: &#8220;Si todo va bien, fijaremos una reuni\u00f3n con Putin&#8221;"},"content":{"rendered":"\n<p>Ambos tuvieron una conversaci\u00f3n que dur\u00f3 cerca de una hora despu\u00e9s de la cumbre ruso-estadounidense en Alaska.<\/p>\n\n\n\n<p>El presidente de Estados Unidos, Donald Trump, ha confirmado que el lunes recibir\u00e1 en el Despacho Oval a su hom\u00f3logo de Ucrania, Volodimir Zelenski, para hablar en persona de los esfuerzos diplom\u00e1ticos en marcha para poner fin al conflicto ucraniano y ha vuelto a poner sobre la mesa una posible cumbre a tres bandas: &#8220;Si todo va bien, fijaremos entonces un encuentro con el presidente (ruso, Vladimir) Putin&#8221;.<\/p>\n\n\n\n<p>Trump, que aspira a &#8220;salvar millones de vidas&#8221; con iniciativas como la que el viernes le llev\u00f3 a romper el aislamiento de Putin con una in\u00e9dita cumbre en Alaska, ha celebrado en su cuenta de Truth Social que el del viernes fue un d\u00eda &#8220;grande y muy exitoso&#8221;, pese a la aparente falta de acuerdos.<\/p>\n\n\n\n<p>&nbsp;Seg\u00fan Trump, la reuni\u00f3n con Putin &#8220;fue muy bien&#8221;, algo que habr\u00eda trasladado tambi\u00e9n en contactos posteriores con Zelenski y con l\u00edderes europeos en diversos contactos este s\u00e1bado de madrugada.<\/p>\n\n\n\n<p>El inquilino de la Casa Blanca ha asegurado que &#8220;todos&#8221; coinciden en que &#8220;la mejor manera de terminar la horrible guerra entre Rusia y Ucrania&#8221; pasa por ir &#8220;directamente&#8221; a un acuerdo de paz, obviando &#8220;un simple alto el fuego&#8221; que, seg\u00fan Trump, tiende &#8220;a menudo&#8221; a no respetarse sobre el terreno.<\/p>\n\n\n\n<p>&nbsp;<br>Zelenski ha insistido en que Kiev no puede quedar fuera de las negociaciones y este mismo s\u00e1bado tambi\u00e9n ha respaldado el plan de Trump para organizar una reuni\u00f3n a tres con Putin. Sin embargo, un asesor del Kremlin, Yuri Ushakov, ha asegurado que esta posibilidad no fue tratada en Alaska, seg\u00fan agencias de noticias oficiales rusas.<\/p>\n","protected":false},"excerpt":{"rendered":"<p>Ambos tuvieron una conversaci\u00f3n que dur\u00f3 cerca de una hora despu\u00e9s de la cumbre ruso-estadounidense en Alaska. El presidente de Estados Unidos, Donald Trump, ha confirmado que el lunes recibir\u00e1&hellip; <\/p>\n","protected":false},"author":3,"featured_media":222771,"comment_status":"closed","ping_status":"open","sticky":false,"template":"","format":"standard","meta":{"footnotes":""},"categories":[11],"tags":[],"class_list":["post-222763","post","type-post","status-publish","format-standard","has-post-thumbnail","hentry","category-internacionales"],"_links":{"self":[{"href":"https:\/\/corrientesdetarde.com\/index.php\/wp-json\/wp\/v2\/posts\/222763","targetHints":{"allow":["GET"]}}],"collection":[{"href":"https:\/\/corrientesdetarde.com\/index.php\/wp-json\/wp\/v2\/posts"}],"about":[{"href":"https:\/\/corrientesdetarde.com\/index.php\/wp-json\/wp\/v2\/types\/post"}],"author":[{"embeddable":true,"href":"https:\/\/corrientesdetarde.com\/index.php\/wp-json\/wp\/v2\/users\/3"}],"replies":[{"embeddable":true,"href":"https:\/\/corrientesdetarde.com\/index.php\/wp-json\/wp\/v2\/comments?post=222763"}],"version-history":[{"count":1,"href":"https:\/\/corrientesdetarde.com\/index.php\/wp-json\/wp\/v2\/posts\/222763\/revisions"}],"predecessor-version":[{"id":222790,"href":"https:\/\/corrientesdetarde.com\/index.php\/wp-json\/wp\/v2\/posts\/222763\/revisions\/222790"}],"wp:featuredmedia":[{"embeddable":true,"href":"https:\/\/corrientesdetarde.com\/index.php\/wp-json\/wp\/v2\/media\/222771"}],"wp:attachment":[{"href":"https:\/\/corrientesdetarde.com\/index.php\/wp-json\/wp\/v2\/media?parent=222763"}],"wp:term":[{"taxonomy":"category","embeddable":true,"href":"https:\/\/corrientesdetarde.com\/index.php\/wp-json\/wp\/v2\/categories?post=222763"},{"taxonomy":"post_tag","embeddable":true,"href":"https:\/\/corrientesdetarde.com\/index.php\/wp-json\/wp\/v2\/tags?post=222763"}],"curies":[{"name":"wp","href":"https:\/\/api.w.org\/{rel}","templated":true}]}}