{"id":222765,"date":"2025-08-17T11:01:45","date_gmt":"2025-08-17T14:01:45","guid":{"rendered":"https:\/\/corrientesdetarde.com\/?p=222765"},"modified":"2025-08-17T11:01:46","modified_gmt":"2025-08-17T14:01:46","slug":"se-viene-otra-noche-del-regreso-de-los-campeones","status":"publish","type":"post","link":"https:\/\/corrientesdetarde.com\/index.php\/deportes\/se-viene-otra-noche-del-regreso-de-los-campeones\/","title":{"rendered":"Se viene otra noche del &#8220;regreso de los campeones&#8221;"},"content":{"rendered":"\n<p>El pr\u00f3ximo viernes 22 de agosto vuelven los excampeones que dio el boxeo de Corrientes en su \u00e9poca dorada, en un espect\u00e1culo box\u00edstico \u00fanico a realizarse en el Sal\u00f3n Gran Paran\u00e1 de Casinos del Litoral denominado &#8220;El Regreso de los Campeones&#8221;, episodio 4, organizado por el campe\u00f3n Mundo Latino &#8220;Pamperito&#8221; Rom\u00e1n.<\/p>\n\n\n\n<p>Ser\u00e1 una experiencia que fusiona el deporte, emoci\u00f3n y puesta en escena para brindar un show pugil\u00edstico sin precedentes en el Nordeste. El evento propone un viaje a trav\u00e9s del tiempo donde los \u00faltimos campeones vuelven al ring en una noche irrepetible, con una propuesta que apela tanto a la pasi\u00f3n por el boxeo como a la nostalgia de aquellos combates.<\/p>\n\n\n\n<p>Se trata de un verdadero espect\u00e1culo audio visual que combina, narrativa, luces y proyecciones y la idea de celebrar el talento, la historia y el esp\u00edritu de superaci\u00f3n que representa a cada uno de nosotros. El evento ya genera expectativas en el ambiente deportivo y cultural y promete ser mucho m\u00e1s que una noche de boxeo.<\/p>\n\n\n\n<p>Con respecto a la programaci\u00f3n, habr\u00e1 un combate de fondo, profesional, entre boxeadores de Corrientes y Chaco, Nicol\u00e1s &#8220;La Roca&#8221; Montero (Corrientes) vs. Carlos &#8220;El Hurac\u00e1n&#8221; G\u00f3mez Remoti (Chaco). Adem\u00e1s, ocho combates preliminares entre la nueva generaci\u00f3n del boxeo y tres combates de boxeo femenino. A eso se le suma el match acad\u00e9mico, exhibici\u00f3n, entre los \u00faltimos campeones que dio Corrientes, Eduardo &#8220;Pamperito&#8221; Rom\u00e1n y Esteban &#8220;Ca\u00f1\u00f3n&#8221; Fleita, destacados p\u00fagiles de la \u00e9poca dorada del boxeo correntino. Sin duda que estar\u00e1n dadas las condiciones para una velada inolvidable.<\/p>\n","protected":false},"excerpt":{"rendered":"<p>El pr\u00f3ximo viernes 22 de agosto vuelven los excampeones que dio el boxeo de Corrientes en su \u00e9poca dorada, en un espect\u00e1culo box\u00edstico \u00fanico a realizarse en el Sal\u00f3n Gran&hellip; <\/p>\n","protected":false},"author":3,"featured_media":222772,"comment_status":"closed","ping_status":"open","sticky":false,"template":"","format":"standard","meta":{"footnotes":""},"categories":[4],"tags":[],"class_list":["post-222765","post","type-post","status-publish","format-standard","has-post-thumbnail","hentry","category-deportes"],"_links":{"self":[{"href":"https:\/\/corrientesdetarde.com\/index.php\/wp-json\/wp\/v2\/posts\/222765","targetHints":{"allow":["GET"]}}],"collection":[{"href":"https:\/\/corrientesdetarde.com\/index.php\/wp-json\/wp\/v2\/posts"}],"about":[{"href":"https:\/\/corrientesdetarde.com\/index.php\/wp-json\/wp\/v2\/types\/post"}],"author":[{"embeddable":true,"href":"https:\/\/corrientesdetarde.com\/index.php\/wp-json\/wp\/v2\/users\/3"}],"replies":[{"embeddable":true,"href":"https:\/\/corrientesdetarde.com\/index.php\/wp-json\/wp\/v2\/comments?post=222765"}],"version-history":[{"count":1,"href":"https:\/\/corrientesdetarde.com\/index.php\/wp-json\/wp\/v2\/posts\/222765\/revisions"}],"predecessor-version":[{"id":222785,"href":"https:\/\/corrientesdetarde.com\/index.php\/wp-json\/wp\/v2\/posts\/222765\/revisions\/222785"}],"wp:featuredmedia":[{"embeddable":true,"href":"https:\/\/corrientesdetarde.com\/index.php\/wp-json\/wp\/v2\/media\/222772"}],"wp:attachment":[{"href":"https:\/\/corrientesdetarde.com\/index.php\/wp-json\/wp\/v2\/media?parent=222765"}],"wp:term":[{"taxonomy":"category","embeddable":true,"href":"https:\/\/corrientesdetarde.com\/index.php\/wp-json\/wp\/v2\/categories?post=222765"},{"taxonomy":"post_tag","embeddable":true,"href":"https:\/\/corrientesdetarde.com\/index.php\/wp-json\/wp\/v2\/tags?post=222765"}],"curies":[{"name":"wp","href":"https:\/\/api.w.org\/{rel}","templated":true}]}}