{"id":222769,"date":"2025-08-17T11:01:50","date_gmt":"2025-08-17T14:01:50","guid":{"rendered":"https:\/\/corrientesdetarde.com\/?p=222769"},"modified":"2025-08-17T11:01:51","modified_gmt":"2025-08-17T14:01:51","slug":"con-un-pitch-day-presentan-a-los-correntinos-que-competiran-por-ser-el-emprendedor-destacado-del-pais","status":"publish","type":"post","link":"https:\/\/corrientesdetarde.com\/index.php\/informacion-general\/con-un-pitch-day-presentan-a-los-correntinos-que-competiran-por-ser-el-emprendedor-destacado-del-pais\/","title":{"rendered":"Con un \u201cPitch Day\u201d, presentan a los correntinos que competir\u00e1n por ser el emprendedor destacado del pa\u00eds"},"content":{"rendered":"\n<p><em>Dos ganadores por categor\u00eda &#8211; (una de hasta 7 a\u00f1os de existencia y otra m\u00e1s incipiente \u2013 que fueron seleccionados entre m\u00e1s de 30 postulantes,&nbsp; ser\u00e1n protagonistas del \u201dPitch Day\u201d, donde los evaluadores escuchar\u00e1n las presentaciones este lunes&nbsp; a las 9.30 en el Sal\u00f3n Verde de Casa de Gobierno y dar\u00e1n a conocer quien seguir\u00e1 en carrera para competir con los seleccionados de otras provincias. Fortalecer el ecosistema emprendedor local es el objetivo que remarcan todas las instituciones involucradas.<\/em><\/p>\n\n\n\n<p>Con premios de hasta 10 mil d\u00f3lares para el ganador, mentor\u00edas y formaci\u00f3n especializada para potenciar los negocios que concursan, el certamen nacional \u201cEmprendimiento Argentino\u201d tendr\u00e1 el cierre de la instancia provincial. La propuesta, que fue presentada en mayo, logr\u00f3 convocar a m\u00e1s de 30 emprendedores con alto potencial de crecimiento, los cuales continuar\u00e1n vinculados con organismos gubernamentales, del \u00e1mbito educativo y empresarial en la provincia, para apalancar su desarrollo y fortalecer cada vez m\u00e1s el ecosistema de emprendedores locales.<\/p>\n\n\n\n<p>\u201cLa instancia provincial se desarroll\u00f3 con varias entidades: la Universidad Nacional del Nordeste, el gobierno de la provincia, el Municipio y Fecorr Joven. Hicimos la convocatoria y a partir de ese momento se inscribieron m\u00e1s de 30 postulantes, muchos de ellos del interior\u201d,&nbsp; precis\u00f3 Orlando Macci\u00f3, Director Ejecutivo del Instituto Correntino de Econom\u00eda del Conocimiento.<\/p>\n\n\n\n<p>Luego de un proceso de selecci\u00f3n de los proyectos presentados, con un jurado que conformaron representantes de cada una de las entidades y organismos involucrados (UNNE, Municipalidad, Vicegobernaci\u00f3n, Ministerio de Industria y Fecorr Joven forman parte de la iniciativa), este lunes ser\u00e1 \u201cel Pitch Day\u201d.<\/p>\n\n\n\n<p>\u201cEs una presentaci\u00f3n, de un modo muy habitual para los emprendimientos, donde se expone en un video o presentaci\u00f3n muy breve (de unos 3 minutos) en qu\u00e9 consiste y las razones del potencial de crecer que tiene ese proyecto por parte de sus emprendedores\u201d, record\u00f3 Macci\u00f3.<\/p>\n\n\n\n<p>\u201cLa idea es que se pueda seleccionar al ganador de cada categor\u00eda. Pero tambi\u00e9n luego fortalecer los v\u00ednculos para respaldar a todo ese talento emprendedor que no resulte ganador&nbsp; en el concurso\u201d, apunt\u00f3.<\/p>\n\n\n\n<p>&nbsp;Este concurso, organizado por el Consejo Federal de Econom\u00eda del Conocimiento, dependiente de la Secretar\u00eda de la Peque\u00f1a y Mediana Empresa, Emprendedores y Econom\u00eda del Conocimiento del Ministerio de Econom\u00eda de la Naci\u00f3n, fue lanzado a nivel nacional con el objetivo de buscar integrar al ecosistema emprendedor de la provincia y potenciar a los emprendimientos m\u00e1s destacados del pa\u00eds, para as\u00ed brindar reconocimiento y oportunidades de conexi\u00f3n estrat\u00e9gica para los emprendimientos que se inscribieron.<\/p>\n\n\n\n<p>Los participantes, emprendimientos de hasta 7 a\u00f1os de antig\u00fcedad, se dividieron en dos categor\u00edas: la primera denominada Despegue emprendedor, con hasta 2 a\u00f1os de ventas; y la segunda categor\u00eda denominada Crecimiento y expansi\u00f3n, con m\u00e1s de 2 a\u00f1os de ventas registradas.<\/p>\n\n\n\n<p>As\u00ed, este lunes se conocer\u00e1n a estos cuatro concursantes, listos para hacer sus presentaciones y luego \u2013 los ganadores de cada categor\u00eda \u2013 podr\u00e1n representar a corrientes en la instancia nacional, que finaliza en septiembre. Entre los proyectos presentados que mayor impacto causaron entre los jurados, se cuentan a aquellos con \u201cmayor factor de innovaci\u00f3n\u201d, record\u00f3 Macci\u00f3. As\u00ed, desde distintas localidades de la provincia se presentaron proyectos con alto potencial de crecimiento y expansi\u00f3n, en diversos sectores de negocios, as\u00ed como aquellos que vinculan turismo con tecnolog\u00eda, cuidado del medioambiente, bienestar personal y implementaci\u00f3n de la industria del software y la tecnolog\u00eda.<\/p>\n\n\n\n<p>Tanto para la instancia provincial como para la instancia nacional, se conformaron comit\u00e9s evaluadores para analizar cada una de las propuestas de los emprendedores que participaron de la convocatoria. El resultado final consisti\u00f3 en un 60% aportado por los evaluadores locales y un 40 % por parte de los responsables del Consejo Federal de Econom\u00eda del Conocimiento de la Naci\u00f3n. Cabe destacar la amplia coincidencia de ambas comisiones evaluadoras.<\/p>\n\n\n\n<p>&#8211;<\/p>\n\n\n\n<p><strong>Qu\u00e9 es un Pitch Day<\/strong><\/p>\n\n\n\n<p>Seg\u00fan anticiparon desde la organizaci\u00f3n del evento, a las 9:30 hs, en el Sal\u00f3n Verde de Casa de Gobierno, se realizar\u00e1 el \u201cPitch Day\u201d correspondiente a la instancia semifinal del Concurso Emprendimiento Argentino 2025,instancia provincial, donde los proyectos seleccionados presentar\u00e1n sus propuestas innovadoras en formato \u201cpitch emprendedor\u201d.<\/p>\n\n\n\n<p>Es un evento com\u00fan en el \u00e1mbito del emprendimiento, donde se busca dar visibilidad a proyectos y conectar a emprendedores con inversores, mentores y otros actores del ecosistema emprendedor.<\/p>\n\n\n\n<p>Los emprendedores suelen presentar sus ideas en un tiempo limitado, generalmente de 3 a 5 minutos, enfoc\u00e1ndose en aspectos clave como la propuesta de valor, el mercado objetivo, el equipo y las proyecciones financieras.<\/p>\n\n\n\n<p>Los concursos y programas de emprendimiento suelen incluir instancias de &#8220;Pitch Day&#8221; como parte de sus actividades, permitiendo la evaluaci\u00f3n de los proyectos y la selecci\u00f3n de ganadores o proyectos que recibir\u00e1n apoyo.<\/p>\n\n\n\n<p>En Argentina, existen diversos programas y concursos que promueven el desarrollo emprendedor, como el Concurso Emprendimiento Argentino de la SEPyME, que busca destacar proyectos con alto potencial de crecimiento.<\/p>\n\n\n\n<p>Dicho acto contar\u00e1 con la presencia del Vicegobernador de la provincia, la Ministra de Industria, el Rector de la UNNE, el Intendente de la ciudad de Corrientes, el Director ejecutivo de ICEC y la Presidente de FECorr joven.<\/p>\n\n\n\n<p>&#8211;<\/p>\n\n\n\n<p><strong>Ecosistema<\/strong><\/p>\n\n\n\n<p>\u201cLas ciudades y naciones del mundo que han logrado despegar, a pesar de los problemas que pudieron haber tenido, son aquellas que han sumado educaci\u00f3n y tecnolog\u00eda para apoyar al ecosistema emprendedor, que es capaz de crear futuro, siendo pragm\u00e1ticos y aplicando innovaci\u00f3n a las distintas realidades que este mundo cambiante nos va ofreciendo\u201d, fue una de las consideraciones de Mariel Gabur, ministra de Industria, Trabajo y Comercio de la provincia, durante el lanzamiento del concurso realizado en mayo.<\/p>\n\n\n\n<p>En ese sentido, la funcionaria destac\u00f3 la disposici\u00f3n de la cartera industrial para \u201cacompa\u00f1ar a todos los emprendedores, no solo a quienes ganen los premios, para seguir creciendo en sus ideas y aprovechar los beneficios que desde la Provincia estamos teniendo para quienes buscan crecer y quieran llegar con sus productos y servicios al pa\u00eds y al mundo\u201d, sostuvo.<\/p>\n\n\n\n<p>Tambi\u00e9n desde la Universidad Nacional del Nordeste, la Vicegobernaci\u00f3n y la intendencia capitalina remarcaron la relevancia de este tipo de instancias que motivan a los emprendedores a concursar, para poder vincularlos, ofrecerles herramientas y fortalecer el ecosistema de generaci\u00f3n de empresas y emprendimientos en la provincia.<\/p>\n","protected":false},"excerpt":{"rendered":"<p>Dos ganadores por categor\u00eda &#8211; (una de hasta 7 a\u00f1os de existencia y otra m\u00e1s incipiente \u2013 que fueron seleccionados entre m\u00e1s de 30 postulantes,&nbsp; ser\u00e1n protagonistas del \u201dPitch Day\u201d,&hellip; <\/p>\n","protected":false},"author":3,"featured_media":222774,"comment_status":"closed","ping_status":"open","sticky":false,"template":"","format":"standard","meta":{"footnotes":""},"categories":[1],"tags":[],"class_list":["post-222769","post","type-post","status-publish","format-standard","has-post-thumbnail","hentry","category-informacion-general"],"_links":{"self":[{"href":"https:\/\/corrientesdetarde.com\/index.php\/wp-json\/wp\/v2\/posts\/222769","targetHints":{"allow":["GET"]}}],"collection":[{"href":"https:\/\/corrientesdetarde.com\/index.php\/wp-json\/wp\/v2\/posts"}],"about":[{"href":"https:\/\/corrientesdetarde.com\/index.php\/wp-json\/wp\/v2\/types\/post"}],"author":[{"embeddable":true,"href":"https:\/\/corrientesdetarde.com\/index.php\/wp-json\/wp\/v2\/users\/3"}],"replies":[{"embeddable":true,"href":"https:\/\/corrientesdetarde.com\/index.php\/wp-json\/wp\/v2\/comments?post=222769"}],"version-history":[{"count":1,"href":"https:\/\/corrientesdetarde.com\/index.php\/wp-json\/wp\/v2\/posts\/222769\/revisions"}],"predecessor-version":[{"id":222787,"href":"https:\/\/corrientesdetarde.com\/index.php\/wp-json\/wp\/v2\/posts\/222769\/revisions\/222787"}],"wp:featuredmedia":[{"embeddable":true,"href":"https:\/\/corrientesdetarde.com\/index.php\/wp-json\/wp\/v2\/media\/222774"}],"wp:attachment":[{"href":"https:\/\/corrientesdetarde.com\/index.php\/wp-json\/wp\/v2\/media?parent=222769"}],"wp:term":[{"taxonomy":"category","embeddable":true,"href":"https:\/\/corrientesdetarde.com\/index.php\/wp-json\/wp\/v2\/categories?post=222769"},{"taxonomy":"post_tag","embeddable":true,"href":"https:\/\/corrientesdetarde.com\/index.php\/wp-json\/wp\/v2\/tags?post=222769"}],"curies":[{"name":"wp","href":"https:\/\/api.w.org\/{rel}","templated":true}]}}