{"id":222770,"date":"2025-08-17T11:01:52","date_gmt":"2025-08-17T14:01:52","guid":{"rendered":"https:\/\/corrientesdetarde.com\/?p=222770"},"modified":"2025-08-17T11:01:53","modified_gmt":"2025-08-17T14:01:53","slug":"el-recuerdo-de-cris-morena-nunca-dejemos-ir-a-nuestro-nino-interior","status":"publish","type":"post","link":"https:\/\/corrientesdetarde.com\/index.php\/espectaculos\/el-recuerdo-de-cris-morena-nunca-dejemos-ir-a-nuestro-nino-interior\/","title":{"rendered":"El recuerdo de Cris Morena: &#8220;Nunca dejemos ir a nuestro ni\u00f1o interior&#8221;"},"content":{"rendered":"\n<p>La productora homenaje\u00f3 su primera novela con uno de los temas m\u00e1s emblem\u00e1ticos de la tira.<\/p>\n\n\n\n<p>El treinta aniversario de Chiquititas reuni\u00f3 emociones intensas y reflexiones profundas en torno al legado de la ic\u00f3nica serie infantil argentina. A trav\u00e9s de un posteo en redes sociales, Cris Morena rememor\u00f3 el inicio de aquella historia que marc\u00f3 a toda una generaci\u00f3n y que dio inicio al \u00e9xito de la productora en la pantalla chica.<\/p>\n\n\n\n<p>Cris no solo eligi\u00f3 homenajear la serie sino tambi\u00e9n a su hija, Romina Yan, quien protagoniz\u00f3 la tira. De esta manera, con la elecci\u00f3n de &#8220;Volar Mejor&#8221;, interpretada por su hija, potenci\u00f3 el valor simb\u00f3lico del recuerdo, especialmente por el reciente fallecimiento de su nieta Mila Yankelevich, hecho que envolvi\u00f3 la celebraci\u00f3n de un clima de especial sensibilidad familiar y colectiva.<\/p>\n\n\n\n<p>El posteo difundido por Cris Morena re\u00fane diferentes elementos que simbolizan la esencia del programa y su proyecci\u00f3n a lo largo de las d\u00e9cadas. La publicaci\u00f3n comienza evocando el nacimiento de una historia que marc\u00f3 a toda una generaci\u00f3n: &#8220;<em>Hace 30 a\u00f1os comenzaba una historia inolvidable que nos ense\u00f1\u00f3 a mirar el cielo con otros ojos\u2026&#8221;<\/em>. Estas palabras resumen c\u00f3mo Chiquititas se instal\u00f3 en el coraz\u00f3n de millones de ni\u00f1os con un mensaje de esperanza, resiliencia y amor. La serie no solo represent\u00f3 un \u00e9xito televisivo, sino que conform\u00f3 un universo simb\u00f3lico, donde el valor de la infancia, la importancia de so\u00f1ar y la capacidad de mirar m\u00e1s all\u00e1 se volvieron centrales.<\/p>\n\n\n\n<p>El papel de Yan resulta central en esta celebraci\u00f3n. Su voz en el tema &#8220;Volar Mejor&#8221; no solo se convirti\u00f3 en un emblema del programa, sino que, con el paso del tiempo, condens\u00f3 el mensaje de libertad, superaci\u00f3n y ternura que la novela promovi\u00f3 desde su primera emisi\u00f3n.<\/p>\n\n\n\n<p>&nbsp;<em>&#8220;Chiquititas es la voz que nos canta y nos recuerda que nunca dejemos ir a nuestro ni\u00f1o interior: ese hogar, ese rinconcito de luz donde aprendimos a re\u00edr, so\u00f1ar y vivir en alegr\u00eda<\/em>&#8220;, sigui\u00f3 la productora en el posteo que dej\u00f3 en su perfil.<\/p>\n","protected":false},"excerpt":{"rendered":"<p>La productora homenaje\u00f3 su primera novela con uno de los temas m\u00e1s emblem\u00e1ticos de la tira. El treinta aniversario de Chiquititas reuni\u00f3 emociones intensas y reflexiones profundas en torno al&hellip; <\/p>\n","protected":false},"author":3,"featured_media":222775,"comment_status":"closed","ping_status":"open","sticky":false,"template":"","format":"standard","meta":{"footnotes":""},"categories":[19],"tags":[],"class_list":["post-222770","post","type-post","status-publish","format-standard","has-post-thumbnail","hentry","category-espectaculos"],"_links":{"self":[{"href":"https:\/\/corrientesdetarde.com\/index.php\/wp-json\/wp\/v2\/posts\/222770","targetHints":{"allow":["GET"]}}],"collection":[{"href":"https:\/\/corrientesdetarde.com\/index.php\/wp-json\/wp\/v2\/posts"}],"about":[{"href":"https:\/\/corrientesdetarde.com\/index.php\/wp-json\/wp\/v2\/types\/post"}],"author":[{"embeddable":true,"href":"https:\/\/corrientesdetarde.com\/index.php\/wp-json\/wp\/v2\/users\/3"}],"replies":[{"embeddable":true,"href":"https:\/\/corrientesdetarde.com\/index.php\/wp-json\/wp\/v2\/comments?post=222770"}],"version-history":[{"count":1,"href":"https:\/\/corrientesdetarde.com\/index.php\/wp-json\/wp\/v2\/posts\/222770\/revisions"}],"predecessor-version":[{"id":222788,"href":"https:\/\/corrientesdetarde.com\/index.php\/wp-json\/wp\/v2\/posts\/222770\/revisions\/222788"}],"wp:featuredmedia":[{"embeddable":true,"href":"https:\/\/corrientesdetarde.com\/index.php\/wp-json\/wp\/v2\/media\/222775"}],"wp:attachment":[{"href":"https:\/\/corrientesdetarde.com\/index.php\/wp-json\/wp\/v2\/media?parent=222770"}],"wp:term":[{"taxonomy":"category","embeddable":true,"href":"https:\/\/corrientesdetarde.com\/index.php\/wp-json\/wp\/v2\/categories?post=222770"},{"taxonomy":"post_tag","embeddable":true,"href":"https:\/\/corrientesdetarde.com\/index.php\/wp-json\/wp\/v2\/tags?post=222770"}],"curies":[{"name":"wp","href":"https:\/\/api.w.org\/{rel}","templated":true}]}}