{"id":222850,"date":"2025-08-17T19:00:00","date_gmt":"2025-08-17T22:00:00","guid":{"rendered":"https:\/\/corrientesdetarde.com\/?p=222850"},"modified":"2025-08-17T18:12:54","modified_gmt":"2025-08-17T21:12:54","slug":"la-oposicion-acelera-los-proyectos-de-universidades-y-pediatria-en-el-senado","status":"publish","type":"post","link":"https:\/\/corrientesdetarde.com\/index.php\/politica\/la-oposicion-acelera-los-proyectos-de-universidades-y-pediatria-en-el-senado\/","title":{"rendered":"La oposici\u00f3n acelera los proyectos de universidades y pediatr\u00eda en el Senado."},"content":{"rendered":"\n<h2 class=\"wp-block-heading\">La C\u00e1mara alta se dispone a avanzar con el financiamiento educativo y la emergencia sanitaria infantil. El Gobierno ya anticip\u00f3 que Javier Milei recurrir\u00e1 al veto para frenarlas.<\/h2>\n\n\n\n<p>La oposici\u00f3n en el Senado busca acelerar el tratamiento de dos proyectos clave: el financiamiento de las universidades nacionales y\u00a0la declaraci\u00f3n de la emergencia pedi\u00e1trica en los hospitales.\u00a0<strong>Con apoyo de Victoria Villarruel y el respaldo de sectores radicales y provinciales<\/strong>, Uni\u00f3n por la Patria intentar\u00e1 dictaminar las iniciativas ya aprobadas en Diputados, pese a que el Gobierno anticip\u00f3 que el presidente Javier Milei vetar\u00e1 cualquier ley que implique mayores gastos.<\/p>\n\n\n\n<p>El martes pr\u00f3ximo las comisiones del Senado se reunir\u00e1n con el objetivo de dictaminar los proyectos \u2014ya aprobados en Diputados\u2014 de financiamiento a las universidades nacionales y al Hospital Garrahan, en el marco de la declaraci\u00f3n de la emergencia pedi\u00e1trica en los hospitales nacionales.<\/p>\n\n\n\n<p>La presidencia de la C\u00e1mara alta gir\u00f3 las iniciativas a las comisiones de Educaci\u00f3n y Cultura, controlada por el camporista Eduardo \u201cWado\u201d de Pedro, y a la de Salud, encabezada por la exgobernadora de Catamarca, la senadora de Uni\u00f3n por la Patria (UxP) Luc\u00eda Corpacci.\u00a0<strong>Estas dos comisiones ser\u00e1n las cabeceras del debate y, por lo tanto, quienes organicen los tiempos de la discusi\u00f3n<\/strong>. Tambi\u00e9n participar\u00e1 la comisi\u00f3n de Presupuesto y Hacienda, presidida por el libertario Ezequiel Atauche, que mantiene un f\u00e9rreo control sobre su funcionamiento.<\/p>\n\n\n\n<p>Las convocatorias ya est\u00e1n publicadas en el sitio web del Senado.&nbsp;<strong>El martes 19 de agosto a las 15 est\u00e1 previsto el plenario de las comisiones de Salud, Presupuesto y Poblaci\u00f3n, a cargo de la senadora de UxP Stefan\u00eda Cora<\/strong>.<\/p>\n\n\n\n<p>Luego, a las 16:30, en el mismo sal\u00f3n Arturo Illia del Palacio Legislativo, sesionar\u00e1n en conjunto Educaci\u00f3n y Presupuesto. En este segundo debate tambi\u00e9n se tratar\u00e1n proyectos vinculados al mejoramiento presupuestario de las universidades, presentados por Mart\u00edn Lousteau (UCR), Daniel Bensus\u00e1n (UxP), Eduardo de Pedro (UxP), Silvia Sapag (UxP), M\u00f3nica Silva (Juntos Somos R\u00edo Negro) y Anabel Fern\u00e1ndez Sagasti (UxP).<\/p>\n\n\n\n<p>M\u00e1s all\u00e1 de que los autores expongan sus propuestas, la intenci\u00f3n de UxP y sus aliados es dictaminar la iniciativa que ya lleg\u00f3 en revisi\u00f3n desde Diputados.<\/p>\n\n\n\n<p>El oficialismo, a trav\u00e9s de Atauche, solo manifest\u00f3 predisposici\u00f3n a acompa\u00f1ar el proceso. El jefe de la bancada libertaria se limit\u00f3 a enviar una nota en la que indic\u00f3 que \u201cse les ha hecho saber a los presidentes de las comisiones de Salud, y Educaci\u00f3n y Cultura, que esta comisi\u00f3n est\u00e1 dispuesta a citar a los plenarios pertinentes a partir del martes pr\u00f3ximo, inclusive, en el horario que los presidentes de las comisiones cabecera lo consideren y en coordinaci\u00f3n con la Secretar\u00eda Parlamentaria de la C\u00e1mara\u201d.<\/p>\n\n\n\n<p>Si los proyectos consiguen dictamen, podr\u00edan llegar al recinto a partir del mi\u00e9rcoles 27 de agosto, ya que, seg\u00fan los usos y costumbres del Senado, debe transcurrir una semana entre la firma del dictamen y el debate en el pleno.<\/p>\n\n\n\n<h2 class=\"wp-block-heading\">La pelea por el qu\u00f3rum<\/h2>\n\n\n\n<p>La oposici\u00f3n buscar\u00e1 aprobar los proyectos en el recinto r\u00e1pidamente, aun cuando el Poder Ejecutivo ya adelant\u00f3 que, si se convierten en ley, ser\u00e1n vetados. El presidente Javier Milei ya recurri\u00f3 a ese mecanismo con iniciativas recientes,\u00a0como el aumento a las jubilaciones, la moratoria previsional, la declaraci\u00f3n de la emergencia en discapacidad y la ayuda financiera para Bah\u00eda Blanca y Coronel Rosales, afectados por el temporal del 7 de marzo.<\/p>\n\n\n\n<p>El bloque de UxP, liderado por Jos\u00e9 Mayans, cuenta con 34 senadores propios. Para habilitar una sesi\u00f3n se necesitan 37.&nbsp;<strong>A ese n\u00famero podr\u00edan sumarse Lousteau y Pablo Blanco, de la UCR, y Guadalupe Tagliaferri (PRO), cercana a Horacio Rodr\u00edguez Larreta<\/strong>, adem\u00e1s de legisladores de fuerzas provinciales de R\u00edo Negro y Santa Cruz. La Libertad Avanza, con seis senadores, tiene un margen reducido para contener a la mayor\u00eda opositora.<\/p>\n\n\n\n<h2 class=\"wp-block-heading\">El proyecto de financiamiento universitario<\/h2>\n\n\n\n<p>La iniciativa elaborada por el Consejo Interuniversitario Nacional (CIN) busca garantizar un mayor presupuesto para las universidades p\u00fablicas nacionales y una recomposici\u00f3n salarial para docentes y no docentes.<\/p>\n\n\n\n<p>Entre sus principales puntos se incluyen:<\/p>\n\n\n\n<ul class=\"wp-block-list\">\n<li>Una recomposici\u00f3n salarial para docentes y no docentes, en l\u00ednea con la inflaci\u00f3n acumulada desde el 1\u00b0 de diciembre de 2023 hasta la sanci\u00f3n de la ley.<\/li>\n\n\n\n<li>La creaci\u00f3n de un fondo de $10.000 millones para ampliar la oferta de carreras universitarias y preuniversitarias estrat\u00e9gicas para el desarrollo del pa\u00eds, actualizado anualmente por inflaci\u00f3n.<\/li>\n\n\n\n<li>Una ampliaci\u00f3n progresiva de las becas estudiantiles.<\/li>\n\n\n\n<li>Un incremento escalonado del presupuesto universitario hasta alcanzar el 1,5% del PBI en 2031.<\/li>\n<\/ul>\n\n\n\n<h2 class=\"wp-block-heading\">La emergencia en pediatr\u00eda<\/h2>\n\n\n\n<p>El proyecto de Emergencia en Pediatr\u00eda y Residencias declara por dos a\u00f1os la emergencia sanitaria en la atenci\u00f3n pedi\u00e1trica y en las residencias m\u00e9dicas nacionales, debido a la crisis que atraviesa el sistema.<\/p>\n\n\n\n<p>Uno de sus art\u00edculos recoge el reclamo de los trabajadores del Hospital Garrahan y de otros hospitales del pa\u00eds. All\u00ed se exige \u201cla recomposici\u00f3n inmediata de los salarios del personal y los residentes\u201d, que \u201cno podr\u00e1 ser menor a la que recib\u00edan en t\u00e9rminos reales en noviembre de 2023\u201d.<\/p>\n\n\n\n<p>Seg\u00fan la Oficina de Presupuesto del Congreso (OPC), equiparar esas remuneraciones al nivel de noviembre de 2023 implicar\u00eda un gasto anual estimado en $133.433 millones.<\/p>\n\n\n\n<p>Ambos proyectos fueron aprobados en Diputados el pasado 7 de agosto: el financiamiento universitario, con 158 votos a favor, 75 en contra y 5 abstenciones; y la emergencia pedi\u00e1trica, con 159 votos a favor, 67 en contra y 4 abstenciones. Desde La Libertad Avanza acusaron a la oposici\u00f3n de \u201catacar el equilibrio fiscal\u201d con estas iniciativas.<\/p>\n\n\n\n<h2 class=\"wp-block-heading\">El antecedente del veto presidencial<\/h2>\n\n\n\n<p>El Congreso ya hab\u00eda debatido un proyecto similar en 2024. El 15 de agosto de ese a\u00f1o, Diputados aprob\u00f3 la ley de financiamiento universitario, y un mes despu\u00e9s el Senado hizo lo mismo. Sin embargo, el presidente Milei la vet\u00f3 argumentando que pon\u00eda en riesgo el equilibrio fiscal.&nbsp;<strong>El Gobierno logr\u00f3 sostener esa decisi\u00f3n con el respaldo de 85 diputados nacionales.<\/strong><\/p>\n\n\n\n<p><\/p>\n\n\n\n<p><em>Fuente: Todo Noticias.<\/em><\/p>\n\n\n\n<p><\/p>\n","protected":false},"excerpt":{"rendered":"<p>La C\u00e1mara alta se dispone a avanzar con el financiamiento educativo y la emergencia sanitaria infantil. El Gobierno ya anticip\u00f3 que Javier Milei recurrir\u00e1 al veto para frenarlas. La oposici\u00f3n&hellip; <\/p>\n","protected":false},"author":6,"featured_media":222853,"comment_status":"closed","ping_status":"open","sticky":false,"template":"","format":"standard","meta":{"footnotes":""},"categories":[3],"tags":[],"class_list":["post-222850","post","type-post","status-publish","format-standard","has-post-thumbnail","hentry","category-politica"],"_links":{"self":[{"href":"https:\/\/corrientesdetarde.com\/index.php\/wp-json\/wp\/v2\/posts\/222850","targetHints":{"allow":["GET"]}}],"collection":[{"href":"https:\/\/corrientesdetarde.com\/index.php\/wp-json\/wp\/v2\/posts"}],"about":[{"href":"https:\/\/corrientesdetarde.com\/index.php\/wp-json\/wp\/v2\/types\/post"}],"author":[{"embeddable":true,"href":"https:\/\/corrientesdetarde.com\/index.php\/wp-json\/wp\/v2\/users\/6"}],"replies":[{"embeddable":true,"href":"https:\/\/corrientesdetarde.com\/index.php\/wp-json\/wp\/v2\/comments?post=222850"}],"version-history":[{"count":1,"href":"https:\/\/corrientesdetarde.com\/index.php\/wp-json\/wp\/v2\/posts\/222850\/revisions"}],"predecessor-version":[{"id":222854,"href":"https:\/\/corrientesdetarde.com\/index.php\/wp-json\/wp\/v2\/posts\/222850\/revisions\/222854"}],"wp:featuredmedia":[{"embeddable":true,"href":"https:\/\/corrientesdetarde.com\/index.php\/wp-json\/wp\/v2\/media\/222853"}],"wp:attachment":[{"href":"https:\/\/corrientesdetarde.com\/index.php\/wp-json\/wp\/v2\/media?parent=222850"}],"wp:term":[{"taxonomy":"category","embeddable":true,"href":"https:\/\/corrientesdetarde.com\/index.php\/wp-json\/wp\/v2\/categories?post=222850"},{"taxonomy":"post_tag","embeddable":true,"href":"https:\/\/corrientesdetarde.com\/index.php\/wp-json\/wp\/v2\/tags?post=222850"}],"curies":[{"name":"wp","href":"https:\/\/api.w.org\/{rel}","templated":true}]}}