{"id":222860,"date":"2025-08-18T08:54:14","date_gmt":"2025-08-18T11:54:14","guid":{"rendered":"https:\/\/corrientesdetarde.com\/?p=222860"},"modified":"2025-08-18T08:54:55","modified_gmt":"2025-08-18T11:54:55","slug":"yapeyu-los-homenajes-a-san-martin-comenzaron-a-la-hora-cero-con-una-multitud-en-el-festival-del-libertador","status":"publish","type":"post","link":"https:\/\/corrientesdetarde.com\/index.php\/locales\/yapeyu-los-homenajes-a-san-martin-comenzaron-a-la-hora-cero-con-una-multitud-en-el-festival-del-libertador\/","title":{"rendered":"Yapey\u00fa: los homenajes a San Mart\u00edn comenzaron a la hora cero con una multitud en el Festival del Libertador"},"content":{"rendered":"\n<p><\/p>\n\n\n\n<p>Unos 15 mil j\u00f3venes y familias se congregaron este s\u00e1bado a la noche&nbsp;en el camping municipal de Yapey\u00fa, a la vera del r\u00edo Uruguay,&nbsp;donde se realiz\u00f3 el Festival&nbsp;al Libertador con un espect\u00e1culo musical en vivo con chamam\u00e9 y ritmos contempor\u00e1neos, contando con la presencia del gobernador Gustavo Vald\u00e9s, la intendenta local Marisol Fag\u00fandez y dem\u00e1s autoridades. Y como es habitual cada a\u00f1o, recibieron all\u00ed el&nbsp;175\u00b0 aniversario del paso a la inmortalidad del General Jos\u00e9 Francisco de San Mart\u00edn a la hora cero de este domingo 17 de agosto, cantando el Himno Nacional Argentino, ejecutado por la&nbsp;Banda Militar \u201cVuelta de Obligado\u201d del Grupo de Artiller\u00eda 3 con asiento en Paso de los Libres y el pabell\u00f3n nacional portado y escoltado por Granaderos del Destacamento Yapey\u00fa del Ej\u00e9rcito Argentino. Del mismo, modo se enton\u00f3 luego las marchas a San Lorenzo y a Malvinas, continuando posteriormente la programaci\u00f3n de la grilla de artistas, entre los cuales estuvieron&nbsp;Vicky Sanchez,&nbsp;Ballet Oficial de la Fiesta Nacional del Chamam\u00e9,&nbsp;Ballet Cruz de Papel,&nbsp;Los Vecinos,&nbsp;Ivan Ruiz,&nbsp;Klandestinos y&nbsp;Pinky.<\/p>\n\n\n\n<p><\/p>\n\n\n\n<figure class=\"wp-block-image size-full\"><img loading=\"lazy\" decoding=\"async\" width=\"951\" height=\"540\" src=\"https:\/\/corrientesdetarde.com\/wp-content\/uploads\/2025\/08\/image-692.png\" alt=\"\" class=\"wp-image-222861\" srcset=\"https:\/\/corrientesdetarde.com\/wp-content\/uploads\/2025\/08\/image-692.png 951w, https:\/\/corrientesdetarde.com\/wp-content\/uploads\/2025\/08\/image-692-300x170.png 300w, https:\/\/corrientesdetarde.com\/wp-content\/uploads\/2025\/08\/image-692-768x436.png 768w\" sizes=\"auto, (max-width: 951px) 100vw, 951px\" \/><\/figure>\n\n\n\n<p><\/p>\n\n\n\n<figure class=\"wp-block-image size-large\"><img loading=\"lazy\" decoding=\"async\" width=\"1024\" height=\"689\" src=\"https:\/\/corrientesdetarde.com\/wp-content\/uploads\/2025\/08\/image-694-1024x689.png\" alt=\"\" class=\"wp-image-222863\" srcset=\"https:\/\/corrientesdetarde.com\/wp-content\/uploads\/2025\/08\/image-694-1024x689.png 1024w, https:\/\/corrientesdetarde.com\/wp-content\/uploads\/2025\/08\/image-694-300x202.png 300w, https:\/\/corrientesdetarde.com\/wp-content\/uploads\/2025\/08\/image-694-768x516.png 768w, https:\/\/corrientesdetarde.com\/wp-content\/uploads\/2025\/08\/image-694.png 1026w\" sizes=\"auto, (max-width: 1024px) 100vw, 1024px\" \/><\/figure>\n\n\n\n<p><\/p>\n","protected":false},"excerpt":{"rendered":"<p>Unos 15 mil j\u00f3venes y familias se congregaron este s\u00e1bado a la noche&nbsp;en el camping municipal de Yapey\u00fa, a la vera del r\u00edo Uruguay,&nbsp;donde se realiz\u00f3 el Festival&nbsp;al Libertador con&hellip; <\/p>\n","protected":false},"author":1,"featured_media":222862,"comment_status":"closed","ping_status":"open","sticky":false,"template":"","format":"standard","meta":{"footnotes":""},"categories":[8],"tags":[],"class_list":["post-222860","post","type-post","status-publish","format-standard","has-post-thumbnail","hentry","category-locales"],"_links":{"self":[{"href":"https:\/\/corrientesdetarde.com\/index.php\/wp-json\/wp\/v2\/posts\/222860","targetHints":{"allow":["GET"]}}],"collection":[{"href":"https:\/\/corrientesdetarde.com\/index.php\/wp-json\/wp\/v2\/posts"}],"about":[{"href":"https:\/\/corrientesdetarde.com\/index.php\/wp-json\/wp\/v2\/types\/post"}],"author":[{"embeddable":true,"href":"https:\/\/corrientesdetarde.com\/index.php\/wp-json\/wp\/v2\/users\/1"}],"replies":[{"embeddable":true,"href":"https:\/\/corrientesdetarde.com\/index.php\/wp-json\/wp\/v2\/comments?post=222860"}],"version-history":[{"count":2,"href":"https:\/\/corrientesdetarde.com\/index.php\/wp-json\/wp\/v2\/posts\/222860\/revisions"}],"predecessor-version":[{"id":222865,"href":"https:\/\/corrientesdetarde.com\/index.php\/wp-json\/wp\/v2\/posts\/222860\/revisions\/222865"}],"wp:featuredmedia":[{"embeddable":true,"href":"https:\/\/corrientesdetarde.com\/index.php\/wp-json\/wp\/v2\/media\/222862"}],"wp:attachment":[{"href":"https:\/\/corrientesdetarde.com\/index.php\/wp-json\/wp\/v2\/media?parent=222860"}],"wp:term":[{"taxonomy":"category","embeddable":true,"href":"https:\/\/corrientesdetarde.com\/index.php\/wp-json\/wp\/v2\/categories?post=222860"},{"taxonomy":"post_tag","embeddable":true,"href":"https:\/\/corrientesdetarde.com\/index.php\/wp-json\/wp\/v2\/tags?post=222860"}],"curies":[{"name":"wp","href":"https:\/\/api.w.org\/{rel}","templated":true}]}}