{"id":222870,"date":"2025-08-18T09:29:21","date_gmt":"2025-08-18T12:29:21","guid":{"rendered":"https:\/\/corrientesdetarde.com\/?p=222870"},"modified":"2025-08-18T09:29:25","modified_gmt":"2025-08-18T12:29:25","slug":"el-recuerdo-de-federico-garcia-lorca-a-89-anos-de-su-ejecucion","status":"publish","type":"post","link":"https:\/\/corrientesdetarde.com\/index.php\/cultura\/el-recuerdo-de-federico-garcia-lorca-a-89-anos-de-su-ejecucion\/","title":{"rendered":"El recuerdo de Federico Garc\u00eda Lorca, a 89 a\u00f1os de su ejecuci\u00f3n"},"content":{"rendered":"\n<p>Federico Garc\u00eda Lorca fue asesinado el 18 de agosto de 1936, un mes despu\u00e9s del inicio de la Guerra Civil Espa\u00f1ola. Fue fusilado por la Guardia Civil, cerca de Viznar, en Granada, su ciudad natal. Ten\u00eda 38 a\u00f1os.<br>La muerte de Garc\u00eda Lorca, un destacado poeta y dramaturgo espa\u00f1ol, ocurri\u00f3 en un contexto de gran convulsi\u00f3n pol\u00edtica y social en Espa\u00f1a. Su asesinato, a manos de un bando sublevado durante la guerra civil, ha sido objeto de estudio y reflexi\u00f3n hasta la actualidad. Su figura y obra siguen siendo recordadas y celebradas en todo el mundo.<\/p>\n\n\n\n<p><br>El tr\u00e1gico final de Garc\u00eda Lorca marc\u00f3 un antes y un despu\u00e9s en la historia cultural espa\u00f1ola, convirti\u00e9ndose en un s\u00edmbolo de la represi\u00f3n y la violencia de la guerra. Su legado literario, sin embargo, sigue vivo, inspirando a generaciones de artistas y lectores.<\/p>\n\n\n\n<p>Lorca transit\u00f3 la poes\u00eda y el drama con la misma soltura y virtuosismo. En los \u00faltimos a\u00f1os se volc\u00f3 m\u00e1s hacia el teatro dram\u00e1tico, donde experiment\u00f3 sus ensayos con estampas del costumbrismo espa\u00f1ol. Siguiendo la forma de la tragedia cl\u00e1sica, carg\u00f3 de intenci\u00f3n sus tintas y derram\u00f3 compasi\u00f3n sobre criaturas mujeres destinadas a la obediencia y a la soledad. As\u00ed se comprueba en Bodas de sangre (1933), Yerma (1934), o en La casa de Bernarda Alba (1936).<\/p>\n\n\n\n<p>Garc\u00eda Lorca arrib\u00f3 a Buenos Aires el 13 de octubre de 1933 y reci\u00e9n embarc\u00f3 hacia su patria el 27 de marzo de 1934 (con los intervalos de su viaje a Montevideo, en enero de 1934, y breves estancias en algunas importantes ciudades del interior de Argentina donde pronunci\u00f3 conferencias y recitales). Fue recibido por la anfitriona de todo extranjero, artista o intelectual, que desembarcara en el puerto: Victoria Ocampo. En su casa, le fue presentado el compositor Juan Jos\u00e9 Castro quien, a\u00f1os m\u00e1s tarde, estrenar\u00eda en el Teatro Col\u00f3n la \u00f3pera Bodas de sangre, inspirada en la obra de Lorca.<\/p>\n\n\n\n<pre class=\"wp-block-verse\">Verde que te quiero verde.<br>Verde viento. Verdes ramas.<br>El barco sobre la mar<br>y el caballo en la monta\u00f1a.<br>Con la sombra en la cintura<br>ella sue\u00f1a en su baranda,<br>verde carne, pelo verde,<br>con ojos de fr\u00eda plata.<br>Verde que te quiero verde.<br>Bajo la luna gitana,<br>las cosas le est\u00e1n mirando<br>y ella no puede mirarlas.<\/pre>\n","protected":false},"excerpt":{"rendered":"<p>Federico Garc\u00eda Lorca fue asesinado el 18 de agosto de 1936, un mes despu\u00e9s del inicio de la Guerra Civil Espa\u00f1ola. Fue fusilado por la Guardia Civil, cerca de Viznar,&hellip; <\/p>\n","protected":false},"author":1,"featured_media":222884,"comment_status":"closed","ping_status":"open","sticky":false,"template":"","format":"standard","meta":{"footnotes":""},"categories":[15,26],"tags":[],"class_list":["post-222870","post","type-post","status-publish","format-standard","has-post-thumbnail","hentry","category-cultura","category-destacados"],"_links":{"self":[{"href":"https:\/\/corrientesdetarde.com\/index.php\/wp-json\/wp\/v2\/posts\/222870","targetHints":{"allow":["GET"]}}],"collection":[{"href":"https:\/\/corrientesdetarde.com\/index.php\/wp-json\/wp\/v2\/posts"}],"about":[{"href":"https:\/\/corrientesdetarde.com\/index.php\/wp-json\/wp\/v2\/types\/post"}],"author":[{"embeddable":true,"href":"https:\/\/corrientesdetarde.com\/index.php\/wp-json\/wp\/v2\/users\/1"}],"replies":[{"embeddable":true,"href":"https:\/\/corrientesdetarde.com\/index.php\/wp-json\/wp\/v2\/comments?post=222870"}],"version-history":[{"count":1,"href":"https:\/\/corrientesdetarde.com\/index.php\/wp-json\/wp\/v2\/posts\/222870\/revisions"}],"predecessor-version":[{"id":222885,"href":"https:\/\/corrientesdetarde.com\/index.php\/wp-json\/wp\/v2\/posts\/222870\/revisions\/222885"}],"wp:featuredmedia":[{"embeddable":true,"href":"https:\/\/corrientesdetarde.com\/index.php\/wp-json\/wp\/v2\/media\/222884"}],"wp:attachment":[{"href":"https:\/\/corrientesdetarde.com\/index.php\/wp-json\/wp\/v2\/media?parent=222870"}],"wp:term":[{"taxonomy":"category","embeddable":true,"href":"https:\/\/corrientesdetarde.com\/index.php\/wp-json\/wp\/v2\/categories?post=222870"},{"taxonomy":"post_tag","embeddable":true,"href":"https:\/\/corrientesdetarde.com\/index.php\/wp-json\/wp\/v2\/tags?post=222870"}],"curies":[{"name":"wp","href":"https:\/\/api.w.org\/{rel}","templated":true}]}}