{"id":222890,"date":"2025-08-18T09:34:14","date_gmt":"2025-08-18T12:34:14","guid":{"rendered":"https:\/\/corrientesdetarde.com\/?p=222890"},"modified":"2025-08-18T09:34:25","modified_gmt":"2025-08-18T12:34:25","slug":"murio-un-motociclista-tras-chocar-con-una-camioneta-en-corrientes","status":"publish","type":"post","link":"https:\/\/corrientesdetarde.com\/index.php\/policiales\/murio-un-motociclista-tras-chocar-con-una-camioneta-en-corrientes\/","title":{"rendered":"Muri\u00f3 un motociclista tras chocar con una camioneta en Corrientes"},"content":{"rendered":"\n<p>La Polic\u00eda de Corrientes inform\u00f3 este lunes que muri\u00f3 un joven tras un\u00a0<strong>grave accidente de tr\u00e1nsito que<\/strong>\u00a0se registr\u00f3 en\u00a0<strong>Curuz\u00fa Cuati\u00e1.<\/strong><\/p>\n\n\n\n<p><\/p>\n\n\n\n<p>Seg\u00fan la informaci\u00f3n inicial, el accidente se registr\u00f3 en horas de la madrugada del lunes, cuando una motocicleta y una camioneta colisionaron en la intersecci\u00f3n de las avenidas&nbsp;<strong>Rep\u00fablica Oriental del Uruguay y Laprida<\/strong>.<\/p>\n\n\n\n<p>El mismo, tuvo como&nbsp;protagonistas a una&nbsp;<strong>camioneta Toyota<\/strong>, conducida por un hombre de 61 a\u00f1os, y una&nbsp;<strong>motocicleta Motomel 150cc<\/strong>, guiada por un joven de apellido&nbsp;<strong>Montiel<\/strong>, quien iba acompa\u00f1ado por una mujer identificada como&nbsp;<strong>Feria<\/strong>, ambos mayores de edad.<\/p>\n\n\n\n<p>Como consecuencia del fuerte impacto,&nbsp;<strong>Montiel perdi\u00f3 la vida en el lugar<\/strong>&nbsp;debido a las graves lesiones sufridas, mientras que su acompa\u00f1ante result\u00f3 con heridas de menor consideraci\u00f3n y fue trasladada al&nbsp;<strong>Hospital Fernando Irastorza<\/strong>&nbsp;para su atenci\u00f3n m\u00e9dica.<\/p>\n\n\n\n<p>En la&nbsp;<strong>Comisar\u00eda de Distrito Primera<\/strong>&nbsp;se llevan adelante las diligencias correspondientes, con la intervenci\u00f3n de la&nbsp;<strong>Unidad Fiscal de Investigaci\u00f3n<\/strong>, a fin de establecer las causas y responsabilidades del siniestro.<\/p>\n","protected":false},"excerpt":{"rendered":"<p>La Polic\u00eda de Corrientes inform\u00f3 este lunes que muri\u00f3 un joven tras un\u00a0grave accidente de tr\u00e1nsito que\u00a0se registr\u00f3 en\u00a0Curuz\u00fa Cuati\u00e1. Seg\u00fan la informaci\u00f3n inicial, el accidente se registr\u00f3 en horas&hellip; <\/p>\n","protected":false},"author":1,"featured_media":222891,"comment_status":"closed","ping_status":"open","sticky":false,"template":"","format":"standard","meta":{"footnotes":""},"categories":[33],"tags":[],"class_list":["post-222890","post","type-post","status-publish","format-standard","has-post-thumbnail","hentry","category-policiales"],"_links":{"self":[{"href":"https:\/\/corrientesdetarde.com\/index.php\/wp-json\/wp\/v2\/posts\/222890","targetHints":{"allow":["GET"]}}],"collection":[{"href":"https:\/\/corrientesdetarde.com\/index.php\/wp-json\/wp\/v2\/posts"}],"about":[{"href":"https:\/\/corrientesdetarde.com\/index.php\/wp-json\/wp\/v2\/types\/post"}],"author":[{"embeddable":true,"href":"https:\/\/corrientesdetarde.com\/index.php\/wp-json\/wp\/v2\/users\/1"}],"replies":[{"embeddable":true,"href":"https:\/\/corrientesdetarde.com\/index.php\/wp-json\/wp\/v2\/comments?post=222890"}],"version-history":[{"count":1,"href":"https:\/\/corrientesdetarde.com\/index.php\/wp-json\/wp\/v2\/posts\/222890\/revisions"}],"predecessor-version":[{"id":222892,"href":"https:\/\/corrientesdetarde.com\/index.php\/wp-json\/wp\/v2\/posts\/222890\/revisions\/222892"}],"wp:featuredmedia":[{"embeddable":true,"href":"https:\/\/corrientesdetarde.com\/index.php\/wp-json\/wp\/v2\/media\/222891"}],"wp:attachment":[{"href":"https:\/\/corrientesdetarde.com\/index.php\/wp-json\/wp\/v2\/media?parent=222890"}],"wp:term":[{"taxonomy":"category","embeddable":true,"href":"https:\/\/corrientesdetarde.com\/index.php\/wp-json\/wp\/v2\/categories?post=222890"},{"taxonomy":"post_tag","embeddable":true,"href":"https:\/\/corrientesdetarde.com\/index.php\/wp-json\/wp\/v2\/tags?post=222890"}],"curies":[{"name":"wp","href":"https:\/\/api.w.org\/{rel}","templated":true}]}}