{"id":222983,"date":"2025-08-18T15:21:51","date_gmt":"2025-08-18T18:21:51","guid":{"rendered":"https:\/\/corrientesdetarde.com\/?p=222983"},"modified":"2025-08-18T15:21:54","modified_gmt":"2025-08-18T18:21:54","slug":"el-socialismo-deja-el-poder-en-bolivia-tras-20-anos-quienes-son-los-candidatos-que-competiran-en-el-balotaje","status":"publish","type":"post","link":"https:\/\/corrientesdetarde.com\/index.php\/internacionales\/el-socialismo-deja-el-poder-en-bolivia-tras-20-anos-quienes-son-los-candidatos-que-competiran-en-el-balotaje\/","title":{"rendered":"El socialismo deja el poder en Bolivia tras 20 a\u00f1os: qui\u00e9nes son los candidatos que competir\u00e1n en el balotaje"},"content":{"rendered":"\n<p>El pa\u00eds dio un giro a la derecha tras 20 a\u00f1os de hegemon\u00eda de la izquierda. Rodrigo Paz Pereira y Jorge \u201cTuto\u201d Quiroga se medir\u00e1n en segunda vuelta el pr\u00f3ximo 19 de octubre.<\/p>\n\n\n\n<p>Las\u00a0<strong>elecciones en Bolivia de este domingo<\/strong>\u00a0concluyeron con un resultado hist\u00f3rico: luego de 20 a\u00f1os de gobiernos de izquierda, hubo<strong>\u00a0un giro a la derecha<\/strong>\u00a0y, con los porcentajes ajustados, ahora<strong>\u00a0todo se definir\u00e1 en un balotaje.<\/strong><\/p>\n\n\n\n<p>La \u00faltima actualizaci\u00f3n del&nbsp;<strong>Sistema de Resultados Electorales Preliminares (Sirepre),&nbsp;<\/strong>con el 95% de las actas computadas, inform\u00f3 que&nbsp;<strong>Rodrigo Paz Pereira obten\u00eda el 31,70%<\/strong>&nbsp;de los votos, seguido por el expresidente&nbsp;<strong>Jorge \u201cTuto\u201d Quiroga con el 27,20%.<\/strong><\/p>\n\n\n\n<p>Con estos n\u00fameros, ambos se medir\u00e1n en segunda vuelta y los bolivianos deber\u00e1n volver a las urnas el pr\u00f3ximo&nbsp;<strong>19 de octubre<\/strong>.<\/p>\n\n\n\n<h2 class=\"wp-block-heading\">Qui\u00e9n es Rodrigo Paz Pereira, la sorpresa electoral<\/h2>\n\n\n\n<p><strong>Exdiputado, exalcalde y actual senador<\/strong>, Paz Pereira naci\u00f3 en 1967 en Santiago de Compostela durante el exilio de sus padres. Su padre es el expresidente Jaime Paz Zamora (1989-1993) y su madre, la espa\u00f1ola Carmen Pereira. Creci\u00f3 entre varios pa\u00edses por la persecuci\u00f3n de los gobiernos militares.<\/p>\n\n\n\n<p>Economista con estudios en relaciones internacionales, hizo carrera pol\u00edtica en Tarija, donde fue alcalde entre 2015 y 2020 tras derrotar al Movimiento al Socialismo (MAS). Tambi\u00e9n particip\u00f3 en 2019 en la&nbsp;<strong>Coordinadora de la Defensa de la Democracia<\/strong>, que denunci\u00f3 fraude en las elecciones de Evo Morales.<\/p>\n\n\n\n<p>En esta campa\u00f1a, con un despliegue mucho menor que el de sus rivales, se present\u00f3 por el&nbsp;<strong>Partido Dem\u00f3crata Cristiano (PDC)<\/strong>&nbsp;junto al excapit\u00e1n de Polic\u00eda Edman \u201cCapi\u201d Lara, conocido en redes sociales por denunciar corrupci\u00f3n en la instituci\u00f3n.<\/p>\n\n\n\n<figure class=\"wp-block-image\"><img decoding=\"async\" src=\"https:\/\/tn.com.ar\/resizer\/v2\/rodrigo-paz-la-sorpresa-electoral-de-bolivia-ap-fotonatacha-pisarenko-L5FGVPKUR77LKMDBP4DWAPNVJA.jpg?auth=bd7bc7b0be690e76b636b0c4be6c66964cd1c7aa5988e94d60f8d95ebce45754&amp;width=767\" alt=\"Rodrigo Paz, la sorpresa electoral de Bolivia. (AP Foto\/Natacha Pisarenko)\"\/><\/figure>\n\n\n\n<p>\u201cSoy un hombre que tiene dos felicidades enormes, amar a la patria y amar a su familia\u201d, dijo Paz Pereira a&nbsp;<em>EFE<\/em>. Y prometi\u00f3 una agenda de&nbsp;<strong>mano dura contra la corrupci\u00f3n, reforma judicial, reducci\u00f3n de gastos superfluos y descentralizaci\u00f3n de recursos<\/strong>.<\/p>\n\n\n\n<p>Si logra imponerse en segunda vuelta, el Senado quedar\u00eda bajo la presidencia de Lara, lo que obligar\u00e1 a Paz Pereira a construir consensos en el Congreso.<\/p>\n\n\n\n<p>En estas elecciones se elegir\u00e1 al nuevo presidente y vice que gobernar\u00e1 desde 2025 a 2030. Tambi\u00e9n se renuevan los&nbsp;<strong>130 integrantes de Diputados y los 36 del Senado.<\/strong><\/p>\n\n\n\n<p>Bolivia enfrenta hoy escasez de d\u00f3lares y combustibles y una inflaci\u00f3n interanual de casi el 25%, la mayor en 17 a\u00f1os. El MAS gobierna desde 2006, primero con&nbsp;<strong>Morales y luego con Luis Arce,<\/strong>&nbsp;hoy adversarios.<\/p>\n\n\n\n<h2 class=\"wp-block-heading\">Qui\u00e9n es Jorge Quiroga, el expresidente neoliberal<\/h2>\n\n\n\n<p><strong>Jorge \u201cTuto\u201d Quiroga&nbsp;<\/strong>fue&nbsp;<strong>presidente&nbsp;<\/strong>entre 2001 y 2002 tras la renuncia de Hugo Banzer, del que fue su vice. A los 65 a\u00f1os, quiere terminar con la hegemon\u00eda de la izquierda y<strong>&nbsp;\u201crecuperar los 20 a\u00f1os perdidos\u201d&nbsp;<\/strong>bajo los gobiernos de Morales y Arce.<\/p>\n\n\n\n<p>\u201cEs la derecha de Bolivia. Es promercado, anti-Estado y conservador. Pero no es un personaje del estilo Javier Milei. Su discurso es reposado. Tiene v\u00ednculos con la derecha europea y muchos contactos internacionales\u201d, dijo el analista\u00a0<strong>Ricardo Callas<\/strong>, exministro de Asuntos Ind\u00edgenas y Pueblos Originarios, en di\u00e1logo.<\/p>\n\n\n\n<p>Quiroga se postula por el bloque Alianza Libre. Naci\u00f3 en Cochabamba en 1960. Es ingeniero industrial y administrador de empresas.<\/p>\n\n\n\n<p>A los 30 a\u00f1os fue uno de los ministros m\u00e1s j\u00f3venes de la naci\u00f3n y, previamente, represent\u00f3 a Bolivia ante los principales organismos financieros internacionales.<\/p>\n\n\n\n<figure class=\"wp-block-image\"><img decoding=\"async\" src=\"https:\/\/tn.com.ar\/resizer\/v2\/el-expresidente-jorge-quiroga-uno-de-los-candidatos-que-se-enfrentara-en-las-elecciones-del-19-de-octubre-ap-fotojuan-karita-6C7J2TTTBCJMO23RGZ2AS3DXTU.jpg?auth=1bfc1ea12c8219d3713c13f12e255bf271bc446412ba56fce4b3bf80d5326743&amp;width=767\" alt=\"El expresidente Jorge Quiroga, uno de los candidatos que se enfrentar\u00e1 en las elecciones del 19 de octubre. (AP Foto\/Juan Karita)\"\/><\/figure>\n\n\n\n<p>Tras finalizar su Gobierno, Quiroga se postul\u00f3 a la Presidencia en 2005, 2014 y 2020, aunque en este \u00faltimo a\u00f1o declin\u00f3 su candidatura -que compart\u00eda con la dirigente ind\u00edgena Tomasa Yarhui- una semana antes de los comicios, al ver imposible disputar una segunda vuelta frente al candidato oficialista del Movimiento al Socialismo (MAS), Luis Arce, actual presidente del pa\u00eds.<\/p>\n\n\n\n<p><strong>Fue cr\u00edtico del expresidente Evo Morales&nbsp;<\/strong>(2006-2019) desde finales de los a\u00f1os noventa, cuando era vicepresidente y el exmandatario era diputado de un partido de izquierda y l\u00edder de uno de los principales sindicatos de productores de hoja de coca del Tr\u00f3pico de Cochabamba, sector que a\u00fan encabeza.<\/p>\n\n\n\n<p>Tambi\u00e9n ha sido uno de los detractores m\u00e1s severos a la saliente gesti\u00f3n gubernamental de Arce, de quien dijo que es el responsable de \u201chundir\u201d a Bolivia en la crisis econ\u00f3mica por hechos de corrupci\u00f3n y el mal manejo del modelo econ\u00f3mico.<\/p>\n\n\n\n<p>Propone recuperar la econom\u00eda mediante un acuerdo con el Fondo Monetario Internacional (FMI) para restablecer las reservas de d\u00f3lares, seguido de gestiones con otros organismos, as\u00ed como reducir el n\u00famero de ministerios, viceministerios, entidades descentralizadas y funcionarios del Estado, entre otras medidas.<\/p>\n","protected":false},"excerpt":{"rendered":"<p>El pa\u00eds dio un giro a la derecha tras 20 a\u00f1os de hegemon\u00eda de la izquierda. Rodrigo Paz Pereira y Jorge \u201cTuto\u201d Quiroga se medir\u00e1n en segunda vuelta el pr\u00f3ximo&hellip; <\/p>\n","protected":false},"author":8,"featured_media":222984,"comment_status":"closed","ping_status":"open","sticky":false,"template":"","format":"standard","meta":{"footnotes":""},"categories":[11],"tags":[],"class_list":["post-222983","post","type-post","status-publish","format-standard","has-post-thumbnail","hentry","category-internacionales"],"_links":{"self":[{"href":"https:\/\/corrientesdetarde.com\/index.php\/wp-json\/wp\/v2\/posts\/222983","targetHints":{"allow":["GET"]}}],"collection":[{"href":"https:\/\/corrientesdetarde.com\/index.php\/wp-json\/wp\/v2\/posts"}],"about":[{"href":"https:\/\/corrientesdetarde.com\/index.php\/wp-json\/wp\/v2\/types\/post"}],"author":[{"embeddable":true,"href":"https:\/\/corrientesdetarde.com\/index.php\/wp-json\/wp\/v2\/users\/8"}],"replies":[{"embeddable":true,"href":"https:\/\/corrientesdetarde.com\/index.php\/wp-json\/wp\/v2\/comments?post=222983"}],"version-history":[{"count":1,"href":"https:\/\/corrientesdetarde.com\/index.php\/wp-json\/wp\/v2\/posts\/222983\/revisions"}],"predecessor-version":[{"id":222985,"href":"https:\/\/corrientesdetarde.com\/index.php\/wp-json\/wp\/v2\/posts\/222983\/revisions\/222985"}],"wp:featuredmedia":[{"embeddable":true,"href":"https:\/\/corrientesdetarde.com\/index.php\/wp-json\/wp\/v2\/media\/222984"}],"wp:attachment":[{"href":"https:\/\/corrientesdetarde.com\/index.php\/wp-json\/wp\/v2\/media?parent=222983"}],"wp:term":[{"taxonomy":"category","embeddable":true,"href":"https:\/\/corrientesdetarde.com\/index.php\/wp-json\/wp\/v2\/categories?post=222983"},{"taxonomy":"post_tag","embeddable":true,"href":"https:\/\/corrientesdetarde.com\/index.php\/wp-json\/wp\/v2\/tags?post=222983"}],"curies":[{"name":"wp","href":"https:\/\/api.w.org\/{rel}","templated":true}]}}