{"id":223051,"date":"2025-08-18T23:44:38","date_gmt":"2025-08-19T02:44:38","guid":{"rendered":"https:\/\/corrientesdetarde.com\/?p=223051"},"modified":"2025-08-18T23:44:50","modified_gmt":"2025-08-19T02:44:50","slug":"el-correntino-jose-manuel-lopez-es-la-gran-sorpresa-en-la-lista-de-la-seleccion-argentina","status":"publish","type":"post","link":"https:\/\/corrientesdetarde.com\/index.php\/deportes\/el-correntino-jose-manuel-lopez-es-la-gran-sorpresa-en-la-lista-de-la-seleccion-argentina\/","title":{"rendered":"El correntino Jos\u00e9 Manuel L\u00f3pez es la gran sorpresa en la lista de la Selecci\u00f3n Argentina"},"content":{"rendered":"\n<p>Es delantero, tiene 24 a\u00f1os y recibi\u00f3 su primer llamado al conjunto nacional. Podr\u00eda debutar en los partidos ante Venezuela y Ecuador.<\/p>\n\n\n\n<p>Jos\u00e9 Manuel L\u00f3pez es la gran sorpresa en la lista preliminar de Lionel Scaloni para los pr\u00f3ximos partidos de la Selecci\u00f3n argentina por Eliminatorias Sudamericanas, que ser\u00e1n ante Venezuela y Ecuador. El delantero de 24 a\u00f1os recibi\u00f3 su primer llamado y podr\u00eda hacer su presentaci\u00f3n con la camiseta celeste y blanca.<\/p>\n\n\n\n<p>L\u00f3pez atraviesa un gran presente en el Palmeiras, con 15 goles en 42 partidos en la actual temporada. El conjunto paulista marcha segundo en el Brasileirao y este jueves definir\u00e1 su serie de octavos de final de la Copa Libertadores tras haber goleado 4-0 en la ida en Lima a Universitario de Per\u00fa, con dos tantos del argentino.<\/p>\n\n\n\n<p>El &#8220;Flaco&#8221;, como todos lo conocen, hizo su debut en primera divisi\u00f3n en 2021 con la camiseta de Lan\u00fas. Sus goles llamaron la atenci\u00f3n en el mercado local y en varias ocasiones se mencion\u00f3 un presunto inter\u00e9s de Marcelo Gallardo por llevarlo a River, aunque el pase no se concret\u00f3 y su salida se dio directo hacia Brasil en 2022.<\/p>\n\n\n\n<p>Desde su llegada al Palmeiras, L\u00f3pez gan\u00f3 dos veces el brasileirao (2022 y 2023), una Supercopa de Brasil (2023) y un campeonato paulista (2024).<\/p>\n\n\n\n<p><br>Nacido en Corrientes, el delantero lleg\u00f3 a Independiente a los nueve a\u00f1os. Una lesi\u00f3n en la cadera cuando estaba en sexta divisi\u00f3n lo hizo replantearse su continuidad en el f\u00fatbol, pero sus ganas de seguir fueron m\u00e1s fuertes. Posteriormente qued\u00f3 libre del Rojo y lleg\u00f3 a Lan\u00fas. Antes de subir a primera, tuvo un paso a pr\u00e9stamo por el Club Atl\u00e9tico Colegiales de Tres Arroyos de la Liga Regional.<\/p>\n\n\n\n<p>L\u00f3pez estar\u00e1 expectante a la publicaci\u00f3n de la lista definitiva para los partidos ante Venezuela y Ecuador, que marcar\u00e1n el cierre de la participaci\u00f3n de la Selecci\u00f3n argentina en las Eliminatorias rumbo al Mundial de 2026, certamen al que ya logr\u00f3 la clasificaci\u00f3n.<\/p>\n","protected":false},"excerpt":{"rendered":"<p>Es delantero, tiene 24 a\u00f1os y recibi\u00f3 su primer llamado al conjunto nacional. Podr\u00eda debutar en los partidos ante Venezuela y Ecuador. Jos\u00e9 Manuel L\u00f3pez es la gran sorpresa en&hellip; <\/p>\n","protected":false},"author":4,"featured_media":223052,"comment_status":"closed","ping_status":"open","sticky":false,"template":"","format":"standard","meta":{"footnotes":""},"categories":[4],"tags":[],"class_list":["post-223051","post","type-post","status-publish","format-standard","has-post-thumbnail","hentry","category-deportes"],"_links":{"self":[{"href":"https:\/\/corrientesdetarde.com\/index.php\/wp-json\/wp\/v2\/posts\/223051","targetHints":{"allow":["GET"]}}],"collection":[{"href":"https:\/\/corrientesdetarde.com\/index.php\/wp-json\/wp\/v2\/posts"}],"about":[{"href":"https:\/\/corrientesdetarde.com\/index.php\/wp-json\/wp\/v2\/types\/post"}],"author":[{"embeddable":true,"href":"https:\/\/corrientesdetarde.com\/index.php\/wp-json\/wp\/v2\/users\/4"}],"replies":[{"embeddable":true,"href":"https:\/\/corrientesdetarde.com\/index.php\/wp-json\/wp\/v2\/comments?post=223051"}],"version-history":[{"count":1,"href":"https:\/\/corrientesdetarde.com\/index.php\/wp-json\/wp\/v2\/posts\/223051\/revisions"}],"predecessor-version":[{"id":223053,"href":"https:\/\/corrientesdetarde.com\/index.php\/wp-json\/wp\/v2\/posts\/223051\/revisions\/223053"}],"wp:featuredmedia":[{"embeddable":true,"href":"https:\/\/corrientesdetarde.com\/index.php\/wp-json\/wp\/v2\/media\/223052"}],"wp:attachment":[{"href":"https:\/\/corrientesdetarde.com\/index.php\/wp-json\/wp\/v2\/media?parent=223051"}],"wp:term":[{"taxonomy":"category","embeddable":true,"href":"https:\/\/corrientesdetarde.com\/index.php\/wp-json\/wp\/v2\/categories?post=223051"},{"taxonomy":"post_tag","embeddable":true,"href":"https:\/\/corrientesdetarde.com\/index.php\/wp-json\/wp\/v2\/tags?post=223051"}],"curies":[{"name":"wp","href":"https:\/\/api.w.org\/{rel}","templated":true}]}}