{"id":223066,"date":"2025-08-19T03:05:21","date_gmt":"2025-08-19T06:05:21","guid":{"rendered":"https:\/\/corrientesdetarde.com\/?p=223066"},"modified":"2025-08-19T03:05:26","modified_gmt":"2025-08-19T06:05:26","slug":"curuzu-un-motociclista-murio-al-chocar-contra-una-camioneta","status":"publish","type":"post","link":"https:\/\/corrientesdetarde.com\/index.php\/policiales\/curuzu-un-motociclista-murio-al-chocar-contra-una-camioneta\/","title":{"rendered":"Curuz\u00fa: un motociclista muri\u00f3 al chocar contra una camioneta"},"content":{"rendered":"\n<p>El conductor de la moto circulaba a alta velocidad. Su acompa\u00f1ante se salv\u00f3 de milagro. Datos oficiales indican que en lo que va del a\u00f1o, ya son 103 las v\u00edctimas fatales en siniestros viales en Corrientes. La mayor\u00eda son motociclistas.<\/p>\n\n\n\n<p>Un joven motociclista de 23 a\u00f1os perdi\u00f3 la vida en la madrugada de ayer en la ciudad de Curuz\u00fa Cuati\u00e1, luego de estrellarse a toda velocidad contra una camioneta en la zona c\u00e9ntrica.<\/p>\n\n\n\n<p>La cifra de fallecidos en lo que va del a\u00f1o trep\u00f3 a 103 v\u00edctimas y un alto porcentaje de estas son motociclistas, confirmaron fuentes oficiales.<\/p>\n\n\n\n<p>El hecho de consecuencia fatal sucedi\u00f3 sobre avenida Rep\u00fablica Oriental del Uruguay y calle Laprida de la ciudad de Curuz\u00fa Cuati\u00e1, donde se produjo una violenta colisi\u00f3n entre una camioneta Toyota Hilux, conducida por un hombre mayor de 61 a\u00f1os y una motocicleta Motomel de 150 cc., al mando de Nazareno Fabricio Montiel, de 23 a\u00f1os, que iba acompa\u00f1ado de una chica, de 18 a\u00f1os, identificada como Feria.<\/p>\n\n\n\n<p>Seg\u00fan indicaron algunos testigos a la Polic\u00eda, la motocicleta ven\u00eda a muy alta velocidad, sumado a esto que en la intersecci\u00f3n intent\u00f3 cruzar la calle sin tener la prioridad y el conductor de la camioneta no alcanz\u00f3 a divisarlo y terminaron chocando.<\/p>\n\n\n\n<figure class=\"wp-block-image\"><img decoding=\"async\" src=\"https:\/\/www.diarioepoca.com\/content\/bucket\/7\/1444277w380h264c.jpg.webp\" alt=\"\"\/><figcaption class=\"wp-element-caption\">LA MOTO CIRCULABA CON MUCHA VELOCIDAD<\/figcaption><\/figure>\n\n\n\n<p>La moto dio violentamente contra la parte del guardabarros de la rueda trasera, pero el impacto fue letal para el conductor quien perdi\u00f3 la vida en el lugar; mientras que la jovencita que lo acompa\u00f1aba sufri\u00f3 algunas lesiones menores, pero ninguna que ponga en riesgo su vida, aunque preventivamente fue trasladada hacia el hospital Fernando Irastorza, para un mejor diagn\u00f3stico.<\/p>\n\n\n\n<p>Por estas horas, la Polic\u00eda y la Justicia tienen en su poder im\u00e1genes de las c\u00e1maras de vigilancia en la zona que aportar\u00edan la evidencia m\u00e1s fuerte en torno a este lamentable hecho y que ser\u00e1n aportadas oportunamente al expediente.<\/p>\n\n\n\n<p>El conductor de la camioneta no qued\u00f3 detenido y la causa qued\u00f3 como &#8220;homicidio culposo&#8221;.<\/p>\n\n\n\n<p>En lo que va del a\u00f1o ya son 103 las v\u00edctimas en siniestros viales en el territorio de la provincia de Corrientes, de las cuales, 82 personas perdieron la vida en el interior y otras 21 perecieron en el \u00e1mbito de la capital.<\/p>\n\n\n\n<h2 class=\"wp-block-heading\">Directo al zanj\u00f3n<\/h2>\n\n\n\n<p>En tanto el domingo, pasadas las 18:30 un hombre adulto mayor fue protagonista de un ins\u00f3lito incidente luego de caer dentro de un canal de desag\u00fce de la ciudad de Goya, mientras circulaba por inmediaciones de las calles Jos\u00e9 Mar\u00eda Soto y 1\u00b0 de Mayo, en el l\u00edmite de los barrios Itat\u00ed y Resurrecci\u00f3n.<\/p>\n\n\n\n<p>Seg\u00fan la informaci\u00f3n difundida por el colega Juan Cruz Velazquez, la desafortunada v\u00edctima cay\u00f3 sola y golpe\u00f3 su cabeza contra los bordes de cemento de canal, que se encuentra descubierto sin protecciones laterales.<\/p>\n\n\n\n<p>La v\u00edctima sufri\u00f3 algunas lesiones y debi\u00f3 ser rescatado por personal de Bomberos Voluntarios de Goya y luego trasladado hasta el Hospital Zonal de Goya, donde fue ingresado en el \u00e1rea de urgencias.<\/p>\n","protected":false},"excerpt":{"rendered":"<p>El conductor de la moto circulaba a alta velocidad. Su acompa\u00f1ante se salv\u00f3 de milagro. Datos oficiales indican que en lo que va del a\u00f1o, ya son 103 las v\u00edctimas&hellip; <\/p>\n","protected":false},"author":4,"featured_media":223067,"comment_status":"closed","ping_status":"open","sticky":false,"template":"","format":"standard","meta":{"footnotes":""},"categories":[33],"tags":[],"class_list":["post-223066","post","type-post","status-publish","format-standard","has-post-thumbnail","hentry","category-policiales"],"_links":{"self":[{"href":"https:\/\/corrientesdetarde.com\/index.php\/wp-json\/wp\/v2\/posts\/223066","targetHints":{"allow":["GET"]}}],"collection":[{"href":"https:\/\/corrientesdetarde.com\/index.php\/wp-json\/wp\/v2\/posts"}],"about":[{"href":"https:\/\/corrientesdetarde.com\/index.php\/wp-json\/wp\/v2\/types\/post"}],"author":[{"embeddable":true,"href":"https:\/\/corrientesdetarde.com\/index.php\/wp-json\/wp\/v2\/users\/4"}],"replies":[{"embeddable":true,"href":"https:\/\/corrientesdetarde.com\/index.php\/wp-json\/wp\/v2\/comments?post=223066"}],"version-history":[{"count":1,"href":"https:\/\/corrientesdetarde.com\/index.php\/wp-json\/wp\/v2\/posts\/223066\/revisions"}],"predecessor-version":[{"id":223068,"href":"https:\/\/corrientesdetarde.com\/index.php\/wp-json\/wp\/v2\/posts\/223066\/revisions\/223068"}],"wp:featuredmedia":[{"embeddable":true,"href":"https:\/\/corrientesdetarde.com\/index.php\/wp-json\/wp\/v2\/media\/223067"}],"wp:attachment":[{"href":"https:\/\/corrientesdetarde.com\/index.php\/wp-json\/wp\/v2\/media?parent=223066"}],"wp:term":[{"taxonomy":"category","embeddable":true,"href":"https:\/\/corrientesdetarde.com\/index.php\/wp-json\/wp\/v2\/categories?post=223066"},{"taxonomy":"post_tag","embeddable":true,"href":"https:\/\/corrientesdetarde.com\/index.php\/wp-json\/wp\/v2\/tags?post=223066"}],"curies":[{"name":"wp","href":"https:\/\/api.w.org\/{rel}","templated":true}]}}