{"id":223077,"date":"2025-08-19T08:20:13","date_gmt":"2025-08-19T11:20:13","guid":{"rendered":"https:\/\/corrientesdetarde.com\/?p=223077"},"modified":"2025-08-19T08:20:25","modified_gmt":"2025-08-19T11:20:25","slug":"provincia-alfabetizadora-un-reconocimiento-para-la-educacion","status":"publish","type":"post","link":"https:\/\/corrientesdetarde.com\/index.php\/eventos\/provincia-alfabetizadora-un-reconocimiento-para-la-educacion\/","title":{"rendered":"&#8220;Provincia Alfabetizadora&#8221;, un reconocimiento para la educaci\u00f3n"},"content":{"rendered":"\n<p>El Gobierno de Corrientes ha puesto a la alfabetizaci\u00f3n en el centro de su agenda educativa. Esta decisi\u00f3n se traduce en acciones tendientes a mejorar el desempe\u00f1o en la oralidad, la lectura y la escritura en todos los estudiantes. Estas iniciativas y sus logros fueron reconocidos ayer en Casa de Gobierno por la organizaci\u00f3n Argentinos por la Educaci\u00f3n.<\/p>\n\n\n\n<p>Argentinos por la Educaci\u00f3n es una instituci\u00f3n plural, independiente y federal que trabaja para mejorar la educaci\u00f3n argentina, con la misi\u00f3n de contribuir a transformarla a trav\u00e9s de datos, consensos y campa\u00f1as.<\/p>\n\n\n\n<p>El reconocimiento de &#8220;Provincia Alfabetizando&#8221;, otorgado a Corrientes, destaca los significativos avances de la pol\u00edtica de alfabetizaci\u00f3n fruto del monitoreo de cinco componentes cr\u00edticos con foco en el primer ciclo del nivel primario: la asistencia efectiva de alumnos, formaci\u00f3n docente continua y espec\u00edfica en alfabetizaci\u00f3n inicial, entrega de libros literarios, evaluaci\u00f3n de los aprendizajes y la institucionalizaci\u00f3n de la pol\u00edtica.<\/p>\n\n\n\n<p>En este marco, entre los distintos logros, el Ministerio de Educaci\u00f3n provincial incorpor\u00f3 a la alfabetizaci\u00f3n como prioridad en su agenda educativa. Llev\u00f3 adelante, por ejemplo, el programa &#8220;Liderar la alfabetizaci\u00f3n inicial&#8221;, tambi\u00e9n el &#8220;Plan estrat\u00e9gico jurisdiccional de alfabetizaci\u00f3n&#8221; que abarc\u00f3 un programa de infancia.<\/p>\n\n\n\n<p>Asimismo, se implement\u00f3 el programa &#8220;Queremos aprender&#8221;, destinado a docentes y estudiantes de primer grado; se realiz\u00f3 el primer &#8220;Censo de fluidez y comprensi\u00f3n lectora&#8221; para estudiantes de tercer y sexto grado y los dos primeros a\u00f1os del nivel secundario, y se desarroll\u00f3 el programa denominado &#8220;Ense\u00f1ar y aprender en contextos rurales&#8221;, donde se evalu\u00f3 lenguaje oral, vocabulario y conciencia fonol\u00f3gica en salas de 5 a\u00f1os, entre otras m\u00faltiples actividades.<\/p>\n\n\n\n<p>&#8220;Es un d\u00eda de celebraci\u00f3n para Corrientes, con este hito que venimos marcando desde la pol\u00edtica educativa, trabajando muy fuerte para asegurar la terminalidad de los alumnos&#8221;, manifest\u00f3 en primer lugar la ministra de Educaci\u00f3n, Pr\u00e1xedes L\u00f3pez.<\/p>\n\n\n\n<p>La ministra consider\u00f3 que se trata de un valioso trabajo junto a todos los niveles educativos, acompa\u00f1ados por los docentes y supervisores, incorporando en esta misi\u00f3n a los padres. &#8220;As\u00ed, empezamos a medir los aprendizajes. Y presentamos recientemente, nuestro monitoreo con inteligencia artificial, todo sistematizado&#8221;, puntualiz\u00f3 L\u00f3pez. Resaltando que detr\u00e1s de todo esto existe un equipo de trabajo de m\u00e1s de 100 personas, responsables de esta transformaci\u00f3n educativa.<\/p>\n\n\n\n<p>Acompa\u00f1aron a las autoridades ministros del Gabinete provincial; legisladores; el analista de relaciones gubernamentales, Massimiliano Pisani; el rector de la Universidad Nacional del Nordeste, Omar Larroza, entre otros.<\/p>\n","protected":false},"excerpt":{"rendered":"<p>El Gobierno de Corrientes ha puesto a la alfabetizaci\u00f3n en el centro de su agenda educativa. Esta decisi\u00f3n se traduce en acciones tendientes a mejorar el desempe\u00f1o en la oralidad,&hellip; <\/p>\n","protected":false},"author":1,"featured_media":223078,"comment_status":"closed","ping_status":"open","sticky":false,"template":"","format":"standard","meta":{"footnotes":""},"categories":[22],"tags":[],"class_list":["post-223077","post","type-post","status-publish","format-standard","has-post-thumbnail","hentry","category-eventos"],"_links":{"self":[{"href":"https:\/\/corrientesdetarde.com\/index.php\/wp-json\/wp\/v2\/posts\/223077","targetHints":{"allow":["GET"]}}],"collection":[{"href":"https:\/\/corrientesdetarde.com\/index.php\/wp-json\/wp\/v2\/posts"}],"about":[{"href":"https:\/\/corrientesdetarde.com\/index.php\/wp-json\/wp\/v2\/types\/post"}],"author":[{"embeddable":true,"href":"https:\/\/corrientesdetarde.com\/index.php\/wp-json\/wp\/v2\/users\/1"}],"replies":[{"embeddable":true,"href":"https:\/\/corrientesdetarde.com\/index.php\/wp-json\/wp\/v2\/comments?post=223077"}],"version-history":[{"count":1,"href":"https:\/\/corrientesdetarde.com\/index.php\/wp-json\/wp\/v2\/posts\/223077\/revisions"}],"predecessor-version":[{"id":223079,"href":"https:\/\/corrientesdetarde.com\/index.php\/wp-json\/wp\/v2\/posts\/223077\/revisions\/223079"}],"wp:featuredmedia":[{"embeddable":true,"href":"https:\/\/corrientesdetarde.com\/index.php\/wp-json\/wp\/v2\/media\/223078"}],"wp:attachment":[{"href":"https:\/\/corrientesdetarde.com\/index.php\/wp-json\/wp\/v2\/media?parent=223077"}],"wp:term":[{"taxonomy":"category","embeddable":true,"href":"https:\/\/corrientesdetarde.com\/index.php\/wp-json\/wp\/v2\/categories?post=223077"},{"taxonomy":"post_tag","embeddable":true,"href":"https:\/\/corrientesdetarde.com\/index.php\/wp-json\/wp\/v2\/tags?post=223077"}],"curies":[{"name":"wp","href":"https:\/\/api.w.org\/{rel}","templated":true}]}}