{"id":223086,"date":"2025-08-19T08:48:13","date_gmt":"2025-08-19T11:48:13","guid":{"rendered":"https:\/\/corrientesdetarde.com\/?p=223086"},"modified":"2025-08-19T08:48:27","modified_gmt":"2025-08-19T11:48:27","slug":"19-de-agosto-dia-mundial-de-la-asistencia-humanitaria","status":"publish","type":"post","link":"https:\/\/corrientesdetarde.com\/index.php\/cultura\/19-de-agosto-dia-mundial-de-la-asistencia-humanitaria\/","title":{"rendered":"19 de agosto: D\u00eda mundial de la asistencia humanitaria"},"content":{"rendered":"\n<p>Actuar por la humanidad<\/p>\n\n\n\n<p>El 19 de agosto conmemoramos el D\u00eda Mundial de la Asistencia Humanitaria, un momento para honrar a quienes intervienen en las crisis para ayudar a los dem\u00e1s y apoyar a los millones de personas cuyas vidas penden de un hilo.<\/p>\n\n\n\n<p>Este a\u00f1o, el mensaje es claro: el sistema humanitario est\u00e1 al l\u00edmite de sus posibilidades: con financiaci\u00f3n insuficiente, desbordado y bajo ataque.<\/p>\n\n\n\n<p>Solo en 2024 murieron m\u00e1s de 380 trabajadores humanitarios. Algunos en acto de servicio, otros en sus hogares. Cientos m\u00e1s han resultado heridos, secuestrados o detenidos. Y hay motivos para temer que 2025 sea peor.<\/p>\n\n\n\n<p>Con demasiada frecuencia, el mundo mira hacia otro lado, incluso cuando estos ataques violan el derecho internacional. Se ignoran las leyes destinadas a proteger a los trabajadores humanitarios. Los responsables quedan impunes. Este silencio, esta falta de rendici\u00f3n de cuentas, no puede continuar.<\/p>\n\n\n\n<p>El sistema est\u00e1 fallando no solo a los trabajadores humanitarios sino tambi\u00e9n las personas a las que sirven. Ya no estamos en una encrucijada. Estamos al borde del abismo. Las necesidades aumentan. La financiaci\u00f3n disminuye. Y los ataques contra los trabajadores humanitarios est\u00e1n batiendo r\u00e9cords.<\/p>\n\n\n\n<p>En este D\u00eda Mundial de la Asistencia Humanitaria, relanzamos la campa\u00f1a #Act\u00faaPorLaHumanidad para salir de ese abismo.<\/p>\n\n\n\n<p>Es hora de convertir la indignaci\u00f3n mundial en presi\u00f3n real sobre quienes ostentan el poder para:<\/p>\n\n\n\n<ul class=\"wp-block-list\">\n<li>Proteger a los trabajadores humanitarios y a los civiles a quienes sirven<\/li>\n\n\n\n<li>Respetar el derecho internacional humanitario<\/li>\n\n\n\n<li>Financiar los recursos vitales que decimos apoyar<\/li>\n<\/ul>\n\n\n\n<p>Si no podemos proteger a quienes salvan vidas, \u00bfqu\u00e9 dice eso de nosotros? Si permitimos que esto contin\u00fae, corremos el riesgo de perder no solo un sistema, sino tambi\u00e9n nuestro sentido de humanidad.<\/p>\n\n\n\n<h3 class=\"wp-block-heading\">Antecedentes<\/h3>\n\n\n\n<p>El 19 de agosto de 2003, un atentado bomba en el hotel Canal de Bagdad se cobr\u00f3 la vida de&nbsp;<a href=\"https:\/\/web.archive.org\/web\/20170708050955\/https:\/\/www.un.org\/es\/memorial\/baghdad2003.shtml\">22 trabajadores humanitarios<\/a>, entre ellos el Representante Especial del Secretario General de la ONU para Iraq,&nbsp;<a href=\"https:\/\/web.archive.org\/web\/20170708050955\/http:\/\/www.sergiovdmfoundation.org\/about-sergio\/biography\/\">Sergio Vieira de Mello<\/a>.&nbsp;Cinco a\u00f1os m\u00e1s tarde, la Asamblea General adopt\u00f3 una resoluci\u00f3n que designaba el 19 de agosto como D\u00eda Mundial de la Asistencia Humanitaria.<\/p>\n\n\n\n<p>Cada a\u00f1o, este d\u00eda internacional se centra en un tema, reuniendo a socios de todo el sistema humanitario para abogar por la supervivencia, el bienestar y la dignidad de las personas afectadas por las crisis y por la seguridad de los trabajadores humanitarios.<\/p>\n\n\n\n<p>La&nbsp;<a href=\"https:\/\/www.unocha.org\/\">Oficina de las Naciones Unidas para la Coordinaci\u00f3n de Asuntos Humanitarios (OCHA)&nbsp;<\/a>es la encargada de organizar la campa\u00f1a anual de este importante d\u00eda mundial.<\/p>\n","protected":false},"excerpt":{"rendered":"<p>Actuar por la humanidad El 19 de agosto conmemoramos el D\u00eda Mundial de la Asistencia Humanitaria, un momento para honrar a quienes intervienen en las crisis para ayudar a los&hellip; <\/p>\n","protected":false},"author":1,"featured_media":223087,"comment_status":"closed","ping_status":"open","sticky":false,"template":"","format":"standard","meta":{"footnotes":""},"categories":[15,17],"tags":[],"class_list":["post-223086","post","type-post","status-publish","format-standard","has-post-thumbnail","hentry","category-cultura","category-sociales"],"_links":{"self":[{"href":"https:\/\/corrientesdetarde.com\/index.php\/wp-json\/wp\/v2\/posts\/223086","targetHints":{"allow":["GET"]}}],"collection":[{"href":"https:\/\/corrientesdetarde.com\/index.php\/wp-json\/wp\/v2\/posts"}],"about":[{"href":"https:\/\/corrientesdetarde.com\/index.php\/wp-json\/wp\/v2\/types\/post"}],"author":[{"embeddable":true,"href":"https:\/\/corrientesdetarde.com\/index.php\/wp-json\/wp\/v2\/users\/1"}],"replies":[{"embeddable":true,"href":"https:\/\/corrientesdetarde.com\/index.php\/wp-json\/wp\/v2\/comments?post=223086"}],"version-history":[{"count":1,"href":"https:\/\/corrientesdetarde.com\/index.php\/wp-json\/wp\/v2\/posts\/223086\/revisions"}],"predecessor-version":[{"id":223088,"href":"https:\/\/corrientesdetarde.com\/index.php\/wp-json\/wp\/v2\/posts\/223086\/revisions\/223088"}],"wp:featuredmedia":[{"embeddable":true,"href":"https:\/\/corrientesdetarde.com\/index.php\/wp-json\/wp\/v2\/media\/223087"}],"wp:attachment":[{"href":"https:\/\/corrientesdetarde.com\/index.php\/wp-json\/wp\/v2\/media?parent=223086"}],"wp:term":[{"taxonomy":"category","embeddable":true,"href":"https:\/\/corrientesdetarde.com\/index.php\/wp-json\/wp\/v2\/categories?post=223086"},{"taxonomy":"post_tag","embeddable":true,"href":"https:\/\/corrientesdetarde.com\/index.php\/wp-json\/wp\/v2\/tags?post=223086"}],"curies":[{"name":"wp","href":"https:\/\/api.w.org\/{rel}","templated":true}]}}