{"id":223093,"date":"2025-08-19T10:17:18","date_gmt":"2025-08-19T13:17:18","guid":{"rendered":"https:\/\/corrientesdetarde.com\/?p=223093"},"modified":"2025-08-19T10:17:48","modified_gmt":"2025-08-19T13:17:48","slug":"inicio-el-juicio-contra-un-joven-acusado-de-abusar-sexualmente-de-una-amiga","status":"publish","type":"post","link":"https:\/\/corrientesdetarde.com\/index.php\/crimen-y-justicia\/inicio-el-juicio-contra-un-joven-acusado-de-abusar-sexualmente-de-una-amiga\/","title":{"rendered":"Inici\u00f3 el juicio contra un joven acusado de abusar sexualmente de una amiga"},"content":{"rendered":"\n<p>El lunes 18 de agosto comenz\u00f3 la audiencia de debate en la causa que investiga a un joven imputado por abuso sexual. En la primera jornada declararon tanto el acusado como la denunciante.<\/p>\n\n\n\n<p>Por acuerdo de las partes, el Tribunal hizo lugar a la incorporaci\u00f3n de tres nuevos testigos, quienes prestar\u00e1n declaraci\u00f3n el pr\u00f3ximo lunes 25 de agosto a las 8.30 horas, antes de pasar a las conclusiones finales del debate.<\/p>\n\n\n\n<p><strong>LAS PARTES<\/strong><\/p>\n\n\n\n<p>En este proceso intervienen la doctora Mar\u00eda Marta Correa por la Defensa, la doctora Mirta Liliana G\u00f3mez por la querella y el Fiscal del Tribunal, doctor Jorge Omar Semhan.<\/p>\n\n\n\n<p>El Tribunal est\u00e1 integrado por la presidencia del doctor Rom\u00e1n Facundo Esquivel y los vocales, doctor Ariel H\u00e9ctor Gustavo Azcona y la doctora Rosa Elizabeth Ascona.<\/p>\n\n\n\n<p><strong>EL HECHO<\/strong><\/p>\n\n\n\n<p>El imputado y la v\u00edctima manten\u00edan una relaci\u00f3n de amistad. El hecho fue denunciado en agosto de 2018, luego de que la joven relatara que se sinti\u00f3 descompuesta tras compartir bebidas alcoh\u00f3licas con \u00e9l y otros amigos en el parque Camba Cu\u00e1.<\/p>\n\n\n\n<p>La acusaci\u00f3n sostiene que la joven se qued\u00f3 dormida totalmente vestida y que, en ese contexto, el acusado habr\u00eda aprovechado la situaci\u00f3n para atacarla sexualmente.<\/p>\n","protected":false},"excerpt":{"rendered":"<p>El lunes 18 de agosto comenz\u00f3 la audiencia de debate en la causa que investiga a un joven imputado por abuso sexual. En la primera jornada declararon tanto el acusado&hellip; <\/p>\n","protected":false},"author":1,"featured_media":221629,"comment_status":"closed","ping_status":"open","sticky":false,"template":"","format":"standard","meta":{"footnotes":""},"categories":[5],"tags":[],"class_list":["post-223093","post","type-post","status-publish","format-standard","has-post-thumbnail","hentry","category-crimen-y-justicia"],"_links":{"self":[{"href":"https:\/\/corrientesdetarde.com\/index.php\/wp-json\/wp\/v2\/posts\/223093","targetHints":{"allow":["GET"]}}],"collection":[{"href":"https:\/\/corrientesdetarde.com\/index.php\/wp-json\/wp\/v2\/posts"}],"about":[{"href":"https:\/\/corrientesdetarde.com\/index.php\/wp-json\/wp\/v2\/types\/post"}],"author":[{"embeddable":true,"href":"https:\/\/corrientesdetarde.com\/index.php\/wp-json\/wp\/v2\/users\/1"}],"replies":[{"embeddable":true,"href":"https:\/\/corrientesdetarde.com\/index.php\/wp-json\/wp\/v2\/comments?post=223093"}],"version-history":[{"count":1,"href":"https:\/\/corrientesdetarde.com\/index.php\/wp-json\/wp\/v2\/posts\/223093\/revisions"}],"predecessor-version":[{"id":223095,"href":"https:\/\/corrientesdetarde.com\/index.php\/wp-json\/wp\/v2\/posts\/223093\/revisions\/223095"}],"wp:featuredmedia":[{"embeddable":true,"href":"https:\/\/corrientesdetarde.com\/index.php\/wp-json\/wp\/v2\/media\/221629"}],"wp:attachment":[{"href":"https:\/\/corrientesdetarde.com\/index.php\/wp-json\/wp\/v2\/media?parent=223093"}],"wp:term":[{"taxonomy":"category","embeddable":true,"href":"https:\/\/corrientesdetarde.com\/index.php\/wp-json\/wp\/v2\/categories?post=223093"},{"taxonomy":"post_tag","embeddable":true,"href":"https:\/\/corrientesdetarde.com\/index.php\/wp-json\/wp\/v2\/tags?post=223093"}],"curies":[{"name":"wp","href":"https:\/\/api.w.org\/{rel}","templated":true}]}}