{"id":223101,"date":"2025-08-19T12:42:46","date_gmt":"2025-08-19T15:42:46","guid":{"rendered":"https:\/\/corrientesdetarde.com\/?p=223101"},"modified":"2025-08-19T12:44:24","modified_gmt":"2025-08-19T15:44:24","slug":"la-municipalidad-trabaja-para-solucionar-contra-tiempos-generados-por-los-fuertes-vientos","status":"publish","type":"post","link":"https:\/\/corrientesdetarde.com\/index.php\/informacion-general\/la-municipalidad-trabaja-para-solucionar-contra-tiempos-generados-por-los-fuertes-vientos\/","title":{"rendered":"La Municipalidad trabaja para solucionar contra tiempos generados por los fuertes vientos"},"content":{"rendered":"\n<p><em>Hubo r\u00e1fagas de entre 45 y 55km\/h que causaron ca\u00eddas de \u00e1rboles y de postes de servicios que las cuadrillas municipales est\u00e1n atendiendo. Las condiciones de mal tiempo continuar\u00e1n hasta despu\u00e9s del mediod\u00eda.<\/em><\/p>\n\n\n\n<p>Los fuertes vientos de esta madrugada provocaron contratiempos en la ciudad como ca\u00eddas de algunos \u00e1rboles y de postes de servicios que la Municipalidad de Corrientes y las empresas afectadas se encuentran atendiendo actualmente. &nbsp;<\/p>\n\n\n\n<p>El subsecretario de Gesti\u00f3n de Riesgos y Cat\u00e1strofes municipal, Jos\u00e9 Pedro Ru\u00edz, cont\u00f3: \u201cTuvimos r\u00e1fagas de viento en la entrada de un frente de tormenta, de entre 45 y 55 kil\u00f3metros en la hora. Producto del mismo, hay un par de \u00e1rboles ca\u00eddos, tanto por calle Jun\u00edn como por Moreno, algunos postes de servicios ca\u00eddos, entre los que se cuentan de la DPEC, que dejaron temporalmente sin energ\u00eda a algunos barrios, como el R\u00edo Paran\u00e1\u201d.<\/p>\n\n\n\n<p>\u201cTambi\u00e9n, producto de las fuertes r\u00e1fagas de viento, se corri\u00f3 un Punto Verde ubicado en la plaza Semhan del barrio Independencia, el cual ya fue restablecido y asegurado en su lugar por personal municipal, y seguimos recogiendo informaci\u00f3n de los barrios, aunque no tengo reportado a\u00fan voladuras de techo en viviendas particulares\u201d, agreg\u00f3.<\/p>\n\n\n\n<p>El funcionario se\u00f1al\u00f3 que \u201cla lluvia ca\u00edda en la ciudad hasta las 10 de la ma\u00f1ana fue de 16 mil\u00edmetros, aproximadamente, y ayer llovi\u00f3 otro tanto\u201d.<\/p>\n\n\n\n<p>Ru\u00edz expres\u00f3 que \u201cCorrientes est\u00e1 en el borde de un frente de tormenta que viene de la zona oeste, del norte de la provincia de Santa Fe, y el pron\u00f3stico va a persistir hasta pasado al mediod\u00eda\u201d.<\/p>\n\n\n\n<p>Hay que destacar que teniendo en cuenta el pron\u00f3stico del tiempo que se ten\u00eda, cuadrillas de la Secretar\u00eda de Infraestructura, a cargo de la Subsecretar\u00eda de Gesti\u00f3n de Riesgos, y de la Secretar\u00eda de Ambiente, realizaron el repaso de la limpieza de sumideros en distintos puntos de la ciudad.<\/p>\n\n\n\n<figure class=\"wp-block-image size-large\"><img loading=\"lazy\" decoding=\"async\" width=\"1024\" height=\"576\" src=\"https:\/\/corrientesdetarde.com\/wp-content\/uploads\/2025\/08\/image-767-1024x576.png\" alt=\"\" class=\"wp-image-223102\" srcset=\"https:\/\/corrientesdetarde.com\/wp-content\/uploads\/2025\/08\/image-767-1024x576.png 1024w, https:\/\/corrientesdetarde.com\/wp-content\/uploads\/2025\/08\/image-767-300x169.png 300w, https:\/\/corrientesdetarde.com\/wp-content\/uploads\/2025\/08\/image-767-768x432.png 768w, https:\/\/corrientesdetarde.com\/wp-content\/uploads\/2025\/08\/image-767.png 1280w\" sizes=\"auto, (max-width: 1024px) 100vw, 1024px\" \/><\/figure>\n\n\n\n<figure class=\"wp-block-image size-large\"><img loading=\"lazy\" decoding=\"async\" width=\"760\" height=\"1024\" src=\"https:\/\/corrientesdetarde.com\/wp-content\/uploads\/2025\/08\/image-768-760x1024.png\" alt=\"\" class=\"wp-image-223103\" srcset=\"https:\/\/corrientesdetarde.com\/wp-content\/uploads\/2025\/08\/image-768-760x1024.png 760w, https:\/\/corrientesdetarde.com\/wp-content\/uploads\/2025\/08\/image-768-223x300.png 223w, https:\/\/corrientesdetarde.com\/wp-content\/uploads\/2025\/08\/image-768-768x1035.png 768w, https:\/\/corrientesdetarde.com\/wp-content\/uploads\/2025\/08\/image-768-1139x1536.png 1139w, https:\/\/corrientesdetarde.com\/wp-content\/uploads\/2025\/08\/image-768.png 1186w\" sizes=\"auto, (max-width: 760px) 100vw, 760px\" \/><\/figure>\n\n\n\n<figure class=\"wp-block-image size-full\"><img loading=\"lazy\" decoding=\"async\" width=\"720\" height=\"980\" src=\"https:\/\/corrientesdetarde.com\/wp-content\/uploads\/2025\/08\/image-769.png\" alt=\"\" class=\"wp-image-223104\" srcset=\"https:\/\/corrientesdetarde.com\/wp-content\/uploads\/2025\/08\/image-769.png 720w, https:\/\/corrientesdetarde.com\/wp-content\/uploads\/2025\/08\/image-769-220x300.png 220w\" sizes=\"auto, (max-width: 720px) 100vw, 720px\" \/><\/figure>\n\n\n\n<figure class=\"wp-block-image size-full\"><img loading=\"lazy\" decoding=\"async\" width=\"720\" height=\"942\" src=\"https:\/\/corrientesdetarde.com\/wp-content\/uploads\/2025\/08\/image-770.png\" alt=\"\" class=\"wp-image-223105\" srcset=\"https:\/\/corrientesdetarde.com\/wp-content\/uploads\/2025\/08\/image-770.png 720w, https:\/\/corrientesdetarde.com\/wp-content\/uploads\/2025\/08\/image-770-229x300.png 229w\" sizes=\"auto, (max-width: 720px) 100vw, 720px\" \/><\/figure>\n\n\n\n<figure class=\"wp-block-image size-large\"><img loading=\"lazy\" decoding=\"async\" width=\"1024\" height=\"576\" src=\"https:\/\/corrientesdetarde.com\/wp-content\/uploads\/2025\/08\/image-771-1024x576.png\" alt=\"\" class=\"wp-image-223106\" srcset=\"https:\/\/corrientesdetarde.com\/wp-content\/uploads\/2025\/08\/image-771-1024x576.png 1024w, https:\/\/corrientesdetarde.com\/wp-content\/uploads\/2025\/08\/image-771-300x169.png 300w, https:\/\/corrientesdetarde.com\/wp-content\/uploads\/2025\/08\/image-771-768x432.png 768w, https:\/\/corrientesdetarde.com\/wp-content\/uploads\/2025\/08\/image-771-1536x864.png 1536w, https:\/\/corrientesdetarde.com\/wp-content\/uploads\/2025\/08\/image-771.png 1600w\" sizes=\"auto, (max-width: 1024px) 100vw, 1024px\" \/><\/figure>\n","protected":false},"excerpt":{"rendered":"<p>Hubo r\u00e1fagas de entre 45 y 55km\/h que causaron ca\u00eddas de \u00e1rboles y de postes de servicios que las cuadrillas municipales est\u00e1n atendiendo. Las condiciones de mal tiempo continuar\u00e1n hasta&hellip; <\/p>\n","protected":false},"author":8,"featured_media":223103,"comment_status":"closed","ping_status":"open","sticky":false,"template":"","format":"standard","meta":{"footnotes":""},"categories":[1,6],"tags":[],"class_list":["post-223101","post","type-post","status-publish","format-standard","has-post-thumbnail","hentry","category-informacion-general","category-medio-ambiente"],"_links":{"self":[{"href":"https:\/\/corrientesdetarde.com\/index.php\/wp-json\/wp\/v2\/posts\/223101","targetHints":{"allow":["GET"]}}],"collection":[{"href":"https:\/\/corrientesdetarde.com\/index.php\/wp-json\/wp\/v2\/posts"}],"about":[{"href":"https:\/\/corrientesdetarde.com\/index.php\/wp-json\/wp\/v2\/types\/post"}],"author":[{"embeddable":true,"href":"https:\/\/corrientesdetarde.com\/index.php\/wp-json\/wp\/v2\/users\/8"}],"replies":[{"embeddable":true,"href":"https:\/\/corrientesdetarde.com\/index.php\/wp-json\/wp\/v2\/comments?post=223101"}],"version-history":[{"count":1,"href":"https:\/\/corrientesdetarde.com\/index.php\/wp-json\/wp\/v2\/posts\/223101\/revisions"}],"predecessor-version":[{"id":223107,"href":"https:\/\/corrientesdetarde.com\/index.php\/wp-json\/wp\/v2\/posts\/223101\/revisions\/223107"}],"wp:featuredmedia":[{"embeddable":true,"href":"https:\/\/corrientesdetarde.com\/index.php\/wp-json\/wp\/v2\/media\/223103"}],"wp:attachment":[{"href":"https:\/\/corrientesdetarde.com\/index.php\/wp-json\/wp\/v2\/media?parent=223101"}],"wp:term":[{"taxonomy":"category","embeddable":true,"href":"https:\/\/corrientesdetarde.com\/index.php\/wp-json\/wp\/v2\/categories?post=223101"},{"taxonomy":"post_tag","embeddable":true,"href":"https:\/\/corrientesdetarde.com\/index.php\/wp-json\/wp\/v2\/tags?post=223101"}],"curies":[{"name":"wp","href":"https:\/\/api.w.org\/{rel}","templated":true}]}}