{"id":223109,"date":"2025-08-19T12:48:25","date_gmt":"2025-08-19T15:48:25","guid":{"rendered":"https:\/\/corrientesdetarde.com\/?p=223109"},"modified":"2025-08-19T12:48:37","modified_gmt":"2025-08-19T15:48:37","slug":"investigadores-se-reunieron-en-la-unne-para-abordar-los-desafios-de-la-microbiologia-veterinaria","status":"publish","type":"post","link":"https:\/\/corrientesdetarde.com\/index.php\/sociales\/investigadores-se-reunieron-en-la-unne-para-abordar-los-desafios-de-la-microbiologia-veterinaria\/","title":{"rendered":"Investigadores se reunieron en la\u00a0UNNE para abordar los desaf\u00edos de la microbiolog\u00eda veterinaria"},"content":{"rendered":"\n<p><em>La Facultad de Ciencias Veterinarias fue sede del tercer encuentro nacional de microbiolog\u00eda veterinaria, que incluy\u00f3 recorridos por laboratorios especializados, talleres y un concurso interactivo. Se analizaron<\/em>&nbsp;<em>los desaf\u00edos actuales en bacteriolog\u00eda, micolog\u00eda, virolog\u00eda y diagn\u00f3stico microbiol\u00f3gico.<\/em><em><\/em><\/p>\n\n\n\n<p>La Facultad de Ciencias Veterinarias de la Universidad Nacional del Nordeste fue espacio de debate e intercambio de conocimientos sobre Microbiolog\u00eda Veterinaria al ser sede del III Congreso de Microbiolog\u00eda Veterinaria, bajo el lema &#8220;Microbiolog\u00eda veterinaria: Construyendo puentes hacia Una Salud sin fronteras&#8221;.<\/p>\n\n\n\n<p>El encuentro cient\u00edfico congreg\u00f3 a 98 profesionales, investigadores y representantes de empresas del sector, incluyendo participantes internacionales de Paraguay, Brasil, Colombia y Per\u00fa, quienes llegaron a Corrientes para intercambiar experiencias y debatir sobre los avances m\u00e1s relevantes en la disciplina.<\/p>\n\n\n\n<p>La tercera edici\u00f3n de este congreso, que tuvo su origen en 2021 en la Universidad Nacional de La Plata, mantuvo su estructura de cinco ejes tem\u00e1ticos fundamentales: Bacteriolog\u00eda, Virolog\u00eda, Micolog\u00eda, Diagn\u00f3stico Microbiol\u00f3gico y Resistencia a los Antimicrobianos. Esta organizaci\u00f3n permite abordar la microbiolog\u00eda desde una perspectiva integral, analizando problem\u00e1ticas que van m\u00e1s all\u00e1 de la medicina veterinaria y que se extienden hacia la salud p\u00fablica.<\/p>\n\n\n\n<p>Entre las l\u00edneas tem\u00e1ticas que centraron los debates se destacaron la Resistencia antimicrobiana en diversos ambientes y especies animales; las alternativas al uso de antimicrobianos, y las nuevas tecnolog\u00edas diagn\u00f3sticas. Tambi\u00e9n hubo espacios para el an\u00e1lisis de enfermedades virales como la rabia; influenza aviar y encefalitis equinas; as\u00ed como la micosis de importancia veterinaria y pat\u00f3genos bacterianos como tuberculosis, brucelosis en b\u00fafalos y leptospirosis.<\/p>\n\n\n\n<p>Lo distintivo de esta edici\u00f3n fue la incorporaci\u00f3n de elementos tecnol\u00f3gicos e interactivos. La Subsecretar\u00eda de Sistemas y Tecnolog\u00edas de la Informaci\u00f3n de la provincia de Corrientes aport\u00f3 un totem de juegos para un concurso estilo &#8220;preguntados&#8221;, con premios donados por la Cooperadora de la FCV, Editorial Interm\u00e9dica y EUDENE, lo que a\u00f1adi\u00f3 un componente l\u00fadico al intercambio acad\u00e9mico.<\/p>\n\n\n\n<p>Los participantes internacionales recibieron como obsequio un atlas fotogr\u00e1fico de la provincia de Corrientes, reforzando la identidad regional del encuentro y la hospitalidad de la organizaci\u00f3n.<\/p>\n\n\n\n<p>El programa incluy\u00f3 visitas guiadas a las instalaciones de la Facultad, donde los miembros de la Comisi\u00f3n Cient\u00edfica y la audiencia interesada pudieron conocer el Instituto de Ictiolog\u00eda del Nordeste, el laboratorio de Biolog\u00eda Molecular y el Laboratorio de Microbiolog\u00eda, observando de primera mano los trabajos de investigaci\u00f3n que se desarrollan en estos espacios.<\/p>\n\n\n\n<p>La Comisi\u00f3n Organizadora del congreso estuvo a cargo de un equipo multidisciplinario encabezado por la Dra. Diana Elina Mart\u00ednez como presidenta, y la doctora Valeria In\u00e9s Amable como vicepresidenta. Los secretarios generales: el Dr. Marcos Gabriel Guidoli, la Dra. Nolly Monz\u00f3n, Dra. Emilia Irina Mart\u00ednez, Dra. Gabriela Soledad Chileski; Dra Gabriela Espasandin; MSc. Mar\u00eda B\u00e1rbara De Biasio y m\u00e9dica veterinaria, Albertina Flinta.<\/p>\n\n\n\n<p>El car\u00e1cter rotativo del congreso, que permite la participaci\u00f3n de diferentes Facultades de Ciencias Veterinarias del pa\u00eds, consolida esta iniciativa como un espacio de referencia nacional e internacional para la microbiolog\u00eda veterinaria. La elecci\u00f3n del enfoque &#8220;Una Salud sin fronteras&#8221; reafirma la visi\u00f3n de que los desaf\u00edos microbiol\u00f3gicos requieren abordajes interdisciplinarios y colaborativos que superan los l\u00edmites geogr\u00e1ficos y disciplinarios.<\/p>\n\n\n\n<figure class=\"wp-block-image size-full\"><img loading=\"lazy\" decoding=\"async\" width=\"626\" height=\"453\" src=\"https:\/\/corrientesdetarde.com\/wp-content\/uploads\/2025\/08\/Congreso-Micro-3.jpg\" alt=\"\" class=\"wp-image-223110\" srcset=\"https:\/\/corrientesdetarde.com\/wp-content\/uploads\/2025\/08\/Congreso-Micro-3.jpg 626w, https:\/\/corrientesdetarde.com\/wp-content\/uploads\/2025\/08\/Congreso-Micro-3-300x217.jpg 300w\" sizes=\"auto, (max-width: 626px) 100vw, 626px\" \/><\/figure>\n\n\n\n<figure class=\"wp-block-image size-full\"><img loading=\"lazy\" decoding=\"async\" width=\"720\" height=\"480\" src=\"https:\/\/corrientesdetarde.com\/wp-content\/uploads\/2025\/08\/Congreso-Micro-2.jpg\" alt=\"\" class=\"wp-image-223111\" srcset=\"https:\/\/corrientesdetarde.com\/wp-content\/uploads\/2025\/08\/Congreso-Micro-2.jpg 720w, https:\/\/corrientesdetarde.com\/wp-content\/uploads\/2025\/08\/Congreso-Micro-2-300x200.jpg 300w\" sizes=\"auto, (max-width: 720px) 100vw, 720px\" \/><\/figure>\n","protected":false},"excerpt":{"rendered":"<p>La Facultad de Ciencias Veterinarias fue sede del tercer encuentro nacional de microbiolog\u00eda veterinaria, que incluy\u00f3 recorridos por laboratorios especializados, talleres y un concurso interactivo. Se analizaron&nbsp;los desaf\u00edos actuales en&hellip; <\/p>\n","protected":false},"author":8,"featured_media":223112,"comment_status":"closed","ping_status":"open","sticky":false,"template":"","format":"standard","meta":{"footnotes":""},"categories":[17],"tags":[],"class_list":["post-223109","post","type-post","status-publish","format-standard","has-post-thumbnail","hentry","category-sociales"],"_links":{"self":[{"href":"https:\/\/corrientesdetarde.com\/index.php\/wp-json\/wp\/v2\/posts\/223109","targetHints":{"allow":["GET"]}}],"collection":[{"href":"https:\/\/corrientesdetarde.com\/index.php\/wp-json\/wp\/v2\/posts"}],"about":[{"href":"https:\/\/corrientesdetarde.com\/index.php\/wp-json\/wp\/v2\/types\/post"}],"author":[{"embeddable":true,"href":"https:\/\/corrientesdetarde.com\/index.php\/wp-json\/wp\/v2\/users\/8"}],"replies":[{"embeddable":true,"href":"https:\/\/corrientesdetarde.com\/index.php\/wp-json\/wp\/v2\/comments?post=223109"}],"version-history":[{"count":1,"href":"https:\/\/corrientesdetarde.com\/index.php\/wp-json\/wp\/v2\/posts\/223109\/revisions"}],"predecessor-version":[{"id":223113,"href":"https:\/\/corrientesdetarde.com\/index.php\/wp-json\/wp\/v2\/posts\/223109\/revisions\/223113"}],"wp:featuredmedia":[{"embeddable":true,"href":"https:\/\/corrientesdetarde.com\/index.php\/wp-json\/wp\/v2\/media\/223112"}],"wp:attachment":[{"href":"https:\/\/corrientesdetarde.com\/index.php\/wp-json\/wp\/v2\/media?parent=223109"}],"wp:term":[{"taxonomy":"category","embeddable":true,"href":"https:\/\/corrientesdetarde.com\/index.php\/wp-json\/wp\/v2\/categories?post=223109"},{"taxonomy":"post_tag","embeddable":true,"href":"https:\/\/corrientesdetarde.com\/index.php\/wp-json\/wp\/v2\/tags?post=223109"}],"curies":[{"name":"wp","href":"https:\/\/api.w.org\/{rel}","templated":true}]}}