{"id":223164,"date":"2025-08-19T14:18:50","date_gmt":"2025-08-19T17:18:50","guid":{"rendered":"https:\/\/corrientesdetarde.com\/?p=223164"},"modified":"2025-08-19T14:19:12","modified_gmt":"2025-08-19T17:19:12","slug":"el-gobierno-redoblo-las-criticas-contra-el-kirchnerismo-por-la-inseguridad-en-pba-y-volvio-a-reclamar-la-baja-en-la-edad-de-imputabilidad","status":"publish","type":"post","link":"https:\/\/corrientesdetarde.com\/index.php\/politica\/el-gobierno-redoblo-las-criticas-contra-el-kirchnerismo-por-la-inseguridad-en-pba-y-volvio-a-reclamar-la-baja-en-la-edad-de-imputabilidad\/","title":{"rendered":"El Gobierno redobl\u00f3 las cr\u00edticas contra el kirchnerismo por la inseguridad en PBA y volvi\u00f3 a reclamar la baja en la edad de imputabilidad"},"content":{"rendered":"\n<p>El Gobierno redobl\u00f3 las cr\u00edticas contra el kirchnerismo por la&nbsp;<strong>inseguridad&nbsp;<\/strong>en la provincia de Buenos Aires y volvi\u00f3 a reclamar la baja en la&nbsp;<strong>edad de imputabilidad.<\/strong>&nbsp;La ministra de Seguridad,&nbsp;<strong>Patricia Bullrich,&nbsp;<\/strong>advirti\u00f3 sobre la&nbsp;<strong>delincuencia<\/strong>&nbsp;en el conurbano y adem\u00e1s tild\u00f3 de<strong>&nbsp;&#8220;in\u00fatil&#8221;<\/strong>&nbsp;al gobernador bonaerense,<strong>&nbsp;Axel Kicillof.<\/strong><\/p>\n\n\n\n<p>Bullrich, cabeza de lista de la Alianza La Libertad Avanza para senadores por CABA, public\u00f3 en su cuenta de<em>&nbsp;X:<\/em>&nbsp;&#8220;Tres delincuentes, dos menores de 17 y uno de 19,&nbsp;<strong>asesinaron&nbsp;<\/strong>a Rita frente a su hijo adolescente para robarle el auto en<strong>&nbsp;La Matanza.&nbsp;<\/strong>Despu\u00e9s de<strong>&nbsp;dispararle a quemarropa,<\/strong>&nbsp;fueron a un supermercado como si nada. Ahora ya est\u00e1n identificados, y fueron&nbsp;<strong>entregados&nbsp;<\/strong>por sus propias madres. \u00bfC\u00f3mo buscan zafar? Ech\u00e1ndole la culpa a un menor&#8221;.<\/p>\n\n\n\n<p>La ministra de Seguridad cuestion\u00f3: &#8220;En la Provincia kirchnerista de Buenos Aires, un asesino de 17 a\u00f1os puede<strong>&nbsp;robar, matar y despu\u00e9s irse a dormir<\/strong>&nbsp;como si nada. El kirchnerismo no solo&nbsp;<strong>protege&nbsp;<\/strong>a los delincuentes, tambi\u00e9n&nbsp;<strong>bloquea&nbsp;<\/strong>cualquier discusi\u00f3n sobre la baja de la edad de<strong>&nbsp;imputabilidad&#8221;.<\/strong><\/p>\n\n\n\n<p>Bullrich dijo que el de&nbsp;Rita Su\u00e1rez fue &#8220;un<strong>&nbsp;crimen brutal m\u00e1s&nbsp;<\/strong>en la tierra del kirchnerismo y del&nbsp;<strong>in\u00fatil&nbsp;<\/strong>de Kicillof&#8221;. La funcionaria advirti\u00f3: &#8220;Mientras tanto, los argentinos de bien siguen&nbsp;<strong>enterrando a sus seres queridos.<\/strong>&nbsp;Kircherismo Nunca M\u00e1s&#8221;.<\/p>\n","protected":false},"excerpt":{"rendered":"<p>El Gobierno redobl\u00f3 las cr\u00edticas contra el kirchnerismo por la&nbsp;inseguridad&nbsp;en la provincia de Buenos Aires y volvi\u00f3 a reclamar la baja en la&nbsp;edad de imputabilidad.&nbsp;La ministra de Seguridad,&nbsp;Patricia Bullrich,&nbsp;advirti\u00f3 sobre&hellip; <\/p>\n","protected":false},"author":8,"featured_media":223165,"comment_status":"closed","ping_status":"open","sticky":false,"template":"","format":"standard","meta":{"footnotes":""},"categories":[3],"tags":[],"class_list":["post-223164","post","type-post","status-publish","format-standard","has-post-thumbnail","hentry","category-politica"],"_links":{"self":[{"href":"https:\/\/corrientesdetarde.com\/index.php\/wp-json\/wp\/v2\/posts\/223164","targetHints":{"allow":["GET"]}}],"collection":[{"href":"https:\/\/corrientesdetarde.com\/index.php\/wp-json\/wp\/v2\/posts"}],"about":[{"href":"https:\/\/corrientesdetarde.com\/index.php\/wp-json\/wp\/v2\/types\/post"}],"author":[{"embeddable":true,"href":"https:\/\/corrientesdetarde.com\/index.php\/wp-json\/wp\/v2\/users\/8"}],"replies":[{"embeddable":true,"href":"https:\/\/corrientesdetarde.com\/index.php\/wp-json\/wp\/v2\/comments?post=223164"}],"version-history":[{"count":1,"href":"https:\/\/corrientesdetarde.com\/index.php\/wp-json\/wp\/v2\/posts\/223164\/revisions"}],"predecessor-version":[{"id":223166,"href":"https:\/\/corrientesdetarde.com\/index.php\/wp-json\/wp\/v2\/posts\/223164\/revisions\/223166"}],"wp:featuredmedia":[{"embeddable":true,"href":"https:\/\/corrientesdetarde.com\/index.php\/wp-json\/wp\/v2\/media\/223165"}],"wp:attachment":[{"href":"https:\/\/corrientesdetarde.com\/index.php\/wp-json\/wp\/v2\/media?parent=223164"}],"wp:term":[{"taxonomy":"category","embeddable":true,"href":"https:\/\/corrientesdetarde.com\/index.php\/wp-json\/wp\/v2\/categories?post=223164"},{"taxonomy":"post_tag","embeddable":true,"href":"https:\/\/corrientesdetarde.com\/index.php\/wp-json\/wp\/v2\/tags?post=223164"}],"curies":[{"name":"wp","href":"https:\/\/api.w.org\/{rel}","templated":true}]}}