{"id":223242,"date":"2025-08-20T00:40:21","date_gmt":"2025-08-20T03:40:21","guid":{"rendered":"https:\/\/corrientesdetarde.com\/?p=223242"},"modified":"2025-08-20T00:40:33","modified_gmt":"2025-08-20T03:40:33","slug":"en-san-roque-valdes-entrego-creditos-y-bienes-de-capital-a-emprendedores","status":"publish","type":"post","link":"https:\/\/corrientesdetarde.com\/index.php\/actualidad\/en-san-roque-valdes-entrego-creditos-y-bienes-de-capital-a-emprendedores\/","title":{"rendered":"En San Roque, Vald\u00e9s entreg\u00f3 cr\u00e9ditos y bienes de capital a emprendedores"},"content":{"rendered":"\n<p>Dando impulso a la econom\u00eda local, el gobernador Gustavo Vald\u00e9s visit\u00f3 este martes San Roque para entregar cr\u00e9ditos y bienes de capital a casi un centenar de emprendedores, que recibieron herramientas y equipamientos para potenciar sus actividades productivas y de servicios.<\/p>\n\n\n\n<p>Los beneficiarios pertenecen a rubros diversos, entre los que se destacaron la gastronom\u00eda, la costura, la barber\u00eda, la peluquer\u00eda, la panader\u00eda y la zapater\u00eda artesanal, con el fin de generar oportunidades de empleo genuino y fomentar el desarrollo econ\u00f3mico local.<\/p>\n\n\n\n<p>\u201cLes damos 6 meses de plazos, a una tasa del 7%, que es muy poco, y al terminar de pagar existe la oportunidad de volver a pedir otro cr\u00e9dito, y eso es positivo en esto momentos dif\u00edciles\u201d, expres\u00f3 en la ocasi\u00f3n el gobernador Vald\u00e9s.<\/p>\n\n\n\n<p>Por su parte, la presidente del Banco de Corrientes, Laura Sprovieri, manifest\u00f3 la alegr\u00eda de entregar \u201cestos 74 microcr\u00e9ditos, m\u00e1s de 74 millones de pesos\u201d, y a\u00f1adi\u00f3 que esto \u201cconsisten en un empujoncito para ya sea adquirir maquinarias\u201d.<\/p>\n\n\n\n<p>\u201cLos microcr\u00e9ditos van de 500mil a 3 millones de pesos, con plazo de gracias, con una tasa que va del 5 al 7%, y con eso estamos convencidos que le va a ayudar a seguir emprendiendo\u201d, sostuvo Sprovieri.<\/p>\n\n\n\n<p>Por \u00faltimo, la presidente de la entidad destac\u00f3 que el \u00fanico requisito para cualquier emprendedor es: \u201ces que se encuentre con un emprendimiento vigente, y necesite el capital\u201d.<\/p>\n\n\n\n<p><strong>Detalle de la entrega<\/strong><\/p>\n\n\n\n<p>Entre los emprendedores que recibieron bienes capitales&nbsp;estuvo Nancy Arriola, del rubro rotiser\u00eda, quien recibi\u00f3 un horno el\u00e9ctrico para ampliar su producci\u00f3n en el barrio Norte; mientras que Diana Ben\u00edtez, dedicada a los productos congelados, incorpor\u00f3 un freezer que le permitir\u00e1 aumentar su capacidad de elaboraci\u00f3n.<\/p>\n\n\n\n<p>En el sector de servicios, j\u00f3venes como Agust\u00edn Cabrera y Yesica Fontana fortalecieron sus emprendimientos de barber\u00eda, a trav\u00e9s de la entrega de un sill\u00f3n de barber\u00eda y un kit de peluquer\u00eda, respectivamente. A su vez, Paola Gonz\u00e1lez recibi\u00f3 un sill\u00f3n lava cabezas para su sal\u00f3n de belleza \u201cLa Esquina\u201d.<\/p>\n\n\n\n<p>En el \u00e1rea textil, Nelly Galarza fue beneficiada con una m\u00e1quina de coser para continuar con su taller de costura y confecci\u00f3n en el barrio Mataderos. Por su parte, Jorge Gonz\u00e1lez, dedicado a la panader\u00eda, recibi\u00f3 un horno el\u00e9ctrico para ampliar la producci\u00f3n de bollitos y facturas que comercializa en la zona Ceibal.<\/p>\n\n\n\n<p>De igual manera, emprendedores como Juliana Flores, especializada en reposter\u00eda y tortas, tambi\u00e9n incorporaron nuevas herramientas para seguir expandiendo su trabajo artesanal.<\/p>\n\n\n\n<p>Asimismo, en la n\u00f3mina de beneficiarios figuraron otros emprendedores de oficios tradicionales, como la modista Ramona Ovelar, quien recibi\u00f3 una m\u00e1quina de coser; Ricardo Rapp, que fortaleci\u00f3 su rotiser\u00eda con una cocina industrial; y Enzo Rol\u00f3n, del rubro barber\u00eda, que incorpor\u00f3 un nuevo sill\u00f3n de barber\u00eda.<\/p>\n\n\n\n<p>A estos se sumaron Antonio Altamirano, dedicado a la gastronom\u00eda y comidas caseras; Germ\u00e1n Vel\u00e1zquez, del rubro zapater\u00eda y arreglos artesanales; y Catalina Romero, peluquera de la localidad, quien recibi\u00f3 un sill\u00f3n lava cabezas.<\/p>\n\n\n\n<p>De esta manera, el Gobierno provincial continu\u00f3 respaldando a los emprendedores de San Roque con herramientas concretas para el crecimiento de sus negocios, generando inclusi\u00f3n social, empleo y nuevas oportunidades de desarrollo en toda la comunidad.<\/p>\n\n\n\n<p><strong>Presencias<\/strong><\/p>\n\n\n\n<p>Acompa\u00f1aron las actividades en el Club Recreativo Juventud ministros, secretarios y subsecretarios del Gobierno provincial; legisladores; la presidenta del Banco de Corrientes, Laura Sprovieri; la directora de Comercio, Lourdes D&#8217;arrigo; intendentes de localidades vecinas y comunidad en general.<\/p>\n","protected":false},"excerpt":{"rendered":"<p>Dando impulso a la econom\u00eda local, el gobernador Gustavo Vald\u00e9s visit\u00f3 este martes San Roque para entregar cr\u00e9ditos y bienes de capital a casi un centenar de emprendedores, que recibieron&hellip; <\/p>\n","protected":false},"author":4,"featured_media":223243,"comment_status":"closed","ping_status":"open","sticky":false,"template":"","format":"standard","meta":{"footnotes":""},"categories":[23],"tags":[],"class_list":["post-223242","post","type-post","status-publish","format-standard","has-post-thumbnail","hentry","category-actualidad"],"_links":{"self":[{"href":"https:\/\/corrientesdetarde.com\/index.php\/wp-json\/wp\/v2\/posts\/223242","targetHints":{"allow":["GET"]}}],"collection":[{"href":"https:\/\/corrientesdetarde.com\/index.php\/wp-json\/wp\/v2\/posts"}],"about":[{"href":"https:\/\/corrientesdetarde.com\/index.php\/wp-json\/wp\/v2\/types\/post"}],"author":[{"embeddable":true,"href":"https:\/\/corrientesdetarde.com\/index.php\/wp-json\/wp\/v2\/users\/4"}],"replies":[{"embeddable":true,"href":"https:\/\/corrientesdetarde.com\/index.php\/wp-json\/wp\/v2\/comments?post=223242"}],"version-history":[{"count":1,"href":"https:\/\/corrientesdetarde.com\/index.php\/wp-json\/wp\/v2\/posts\/223242\/revisions"}],"predecessor-version":[{"id":223244,"href":"https:\/\/corrientesdetarde.com\/index.php\/wp-json\/wp\/v2\/posts\/223242\/revisions\/223244"}],"wp:featuredmedia":[{"embeddable":true,"href":"https:\/\/corrientesdetarde.com\/index.php\/wp-json\/wp\/v2\/media\/223243"}],"wp:attachment":[{"href":"https:\/\/corrientesdetarde.com\/index.php\/wp-json\/wp\/v2\/media?parent=223242"}],"wp:term":[{"taxonomy":"category","embeddable":true,"href":"https:\/\/corrientesdetarde.com\/index.php\/wp-json\/wp\/v2\/categories?post=223242"},{"taxonomy":"post_tag","embeddable":true,"href":"https:\/\/corrientesdetarde.com\/index.php\/wp-json\/wp\/v2\/tags?post=223242"}],"curies":[{"name":"wp","href":"https:\/\/api.w.org\/{rel}","templated":true}]}}