{"id":223306,"date":"2025-08-20T13:52:36","date_gmt":"2025-08-20T16:52:36","guid":{"rendered":"https:\/\/corrientesdetarde.com\/?p=223306"},"modified":"2025-08-20T13:52:55","modified_gmt":"2025-08-20T16:52:55","slug":"cuando-juegan-los-pumas-contra-los-all-blacks-por-la-segunda-fecha-del-rugby-championship-2025-y-donde-verlo","status":"publish","type":"post","link":"https:\/\/corrientesdetarde.com\/index.php\/deportes\/cuando-juegan-los-pumas-contra-los-all-blacks-por-la-segunda-fecha-del-rugby-championship-2025-y-donde-verlo\/","title":{"rendered":"Cu\u00e1ndo juegan Los Pumas contra los All Blacks por la segunda fecha del Rugby Championship 2025 y d\u00f3nde verlo"},"content":{"rendered":"\n<p>El equipo de Felipe Contepomi buscar\u00e1 su primera victoria tras la derrota en la primera jornada.<\/p>\n\n\n\n<p>El pasado s\u00e1bado 16 de agosto,\u00a0<strong>Los Pumas<\/strong>\u00a0cayeron 24-41 ante los\u00a0<strong>All Blacks<\/strong>\u00a0en el partido inaugural del\u00a0<strong>Rugby Championship 2025<\/strong>, que se disput\u00f3 en el Estadio Mario Alberto Kempes de C\u00f3rdoba. Ahora, el conjunto nacional recibir\u00e1 nuevamente a los neozelandeses.<\/p>\n\n\n\n<h2 class=\"wp-block-heading\">Cu\u00e1ndo juegan Los Pumas contra los All Blacks por el Rugby Championship<\/h2>\n\n\n\n<p>La segunda jornada se llevar\u00e1 a cabo este&nbsp;<strong>s\u00e1bado 23 de agosto a las 18:10<\/strong>, en el Estadio<strong>&nbsp;Jos\u00e9 Amalfitani<\/strong>&nbsp;de V\u00e9lez Sarsfield.<\/p>\n\n\n\n<p>Este ser\u00e1 el \u00faltimo encuentro en territorio argentino, ya que luego&nbsp;<strong>visitar\u00e1n a Australia el 6 y el 13 de septiembre<\/strong>, y a&nbsp;<strong>Sud\u00e1frica el 27 de septiembre y el 4 de octubre<\/strong>.<\/p>\n\n\n\n<figure class=\"wp-block-image\"><img decoding=\"async\" src=\"https:\/\/tn.com.ar\/resizer\/v2\/los-pumas-buscaran-repuntar-tras-la-derrota-en-la-primera-jornada-del-rugby-championship-foto-ap-6LC7W5QNJRA5DL5WS2AEU4WZGM.jpg?auth=37c73ba30fcc84207711becc1614f0ee9083f5928b61ea8c5e9e4f051644be2b&amp;width=767\" alt=\"Los Pumas buscar\u00e1n repuntar tras la derrota en la primera jornada del Rugby Championship. (Foto: AP).\"\/><\/figure>\n\n\n\n<h2 class=\"wp-block-heading\">D\u00f3nde ver Los Pumas vs. All Blacks por el Rugby Championship<\/h2>\n\n\n\n<p>Todos los partidos de Los Pumas en el Rugby Championship se podr\u00e1n ver por el<strong>&nbsp;canal de cable de&nbsp;<\/strong><em><strong>ESPN<\/strong><\/em>, o con una suscripci\u00f3n a la&nbsp;<strong>plataforma de streaming&nbsp;<\/strong><em><strong>Disney+ Premium<\/strong><\/em>.<\/p>\n\n\n\n<h2 class=\"wp-block-heading\">Los Pumas buscar\u00e1n conseguir su primera victoria ante los All Blacks en Argentina<\/h2>\n\n\n\n<p>Ante un Amalfitani repleto, Los Pumas tendr\u00e1n una oportunidad hist\u00f3rica para conseguir su&nbsp;<strong>primera victoria en suelo argentino ante los All Blacks<\/strong>. El mejor resultado obtenido por el elenco nacional fue&nbsp;<strong>un empate 21-21 en 1985<\/strong>.<\/p>\n\n\n\n<h2 class=\"wp-block-heading\">El plantel de Los Pumas para recibir a los All Blacks<\/h2>\n\n\n\n<figure class=\"wp-block-image\"><img decoding=\"async\" src=\"https:\/\/tn.com.ar\/resizer\/v2\/los-pumas-buscaran-derrotar-por-primera-vez-a-los-all-blacks-en-argentina-foto-xlospumasarg-B3TSJQHOHJDCTG5T4CXHNANXWM.jpg?auth=431dbd7bb31eb8db4c2f1602033f57dcb78f1284cdad4f5034b7cf282220cdf0&amp;width=767\" alt=\"Los Pumas buscar\u00e1n derrotar por primera vez a los All Blacks en Argentina. (Foto: X@lospumasarg).\"\/><\/figure>\n\n\n\n<h3 class=\"wp-block-heading\"><strong>FORWARDS<\/strong><\/h3>\n\n\n\n<ol class=\"wp-block-list\">\n<li>Bautista\u00a0<strong>Bernasconi<\/strong><\/li>\n\n\n\n<li>Francisco\u00a0<strong>Coria Marchetti<\/strong><\/li>\n\n\n\n<li>Nicol\u00e1s<strong>\u00a0D\u2019Amorim<\/strong><\/li>\n\n\n\n<li>Pedro\u00a0<strong>Delgado<\/strong><\/li>\n\n\n\n<li>Juan Mart\u00edn\u00a0<strong>Gonz\u00e1lez<\/strong><\/li>\n\n\n\n<li>Santiago\u00a0<strong>Grondona<\/strong><\/li>\n\n\n\n<li>Marcos\u00a0<strong>Kremer<\/strong><\/li>\n\n\n\n<li>Pablo\u00a0<strong>Matera<\/strong><\/li>\n\n\n\n<li>Franco\u00a0<strong>Molina<\/strong><\/li>\n\n\n\n<li>Juli\u00e1n\u00a0<strong>Montoya<\/strong><\/li>\n\n\n\n<li>Joaqu\u00edn\u00a0<strong>Oviedo<\/strong><\/li>\n\n\n\n<li>Lucas\u00a0<strong>Paulos<\/strong><\/li>\n\n\n\n<li>Guido\u00a0<strong>Petti<\/strong><\/li>\n\n\n\n<li>Pedro\u00a0<strong>Rubiolo<\/strong><\/li>\n\n\n\n<li>Ignacio\u00a0<strong>Ruiz<\/strong><\/li>\n\n\n\n<li>Joel\u00a0<strong>Sclavi<\/strong><\/li>\n\n\n\n<li>Nahuel\u00a0<strong>Tetaz Chaparro<\/strong><\/li>\n\n\n\n<li>Mayco\u00a0<strong>Vivas<\/strong><\/li>\n\n\n\n<li>Boris\u00a0<strong>Wenger<\/strong><\/li>\n<\/ol>\n\n\n\n<h3 class=\"wp-block-heading\"><strong>BACKS<\/strong><\/h3>\n\n\n\n<ol class=\"wp-block-list\">\n<li>Tom\u00e1s\u00a0<strong>Albornoz<\/strong><\/li>\n\n\n\n<li>Sim\u00f3n\u00a0<strong>Ben\u00edtez Cruz<\/strong><\/li>\n\n\n\n<li>Mateo\u00a0<strong>Carreras<\/strong><\/li>\n\n\n\n<li>Santiago\u00a0<strong>Carreras<\/strong><\/li>\n\n\n\n<li>Santiago\u00a0<strong>Chocobares<\/strong><\/li>\n\n\n\n<li>Lucio\u00a0<strong>Cinti<\/strong><\/li>\n\n\n\n<li>Bautista\u00a0<strong>Delguy<\/strong><\/li>\n\n\n\n<li>Benjam\u00edn\u00a0<strong>Elizalde<\/strong><\/li>\n\n\n\n<li>Gonzalo\u00a0<strong>Garc\u00eda<\/strong><\/li>\n\n\n\n<li>Rodrigo\u00a0<strong>Isgr\u00f3<\/strong><\/li>\n\n\n\n<li>Juan Cruz\u00a0<strong>Mall\u00eda<\/strong><\/li>\n\n\n\n<li>Ignacio\u00a0<strong>Mendy<\/strong><\/li>\n\n\n\n<li>Agust\u00edn\u00a0<strong>Moyano<\/strong><\/li>\n\n\n\n<li>Justo\u00a0<strong>Piccardo<\/strong><\/li>\n\n\n\n<li>Ger\u00f3nimo\u00a0<strong>Prisciantelli<\/strong><\/li>\n<\/ol>\n","protected":false},"excerpt":{"rendered":"<p>El equipo de Felipe Contepomi buscar\u00e1 su primera victoria tras la derrota en la primera jornada. El pasado s\u00e1bado 16 de agosto,\u00a0Los Pumas\u00a0cayeron 24-41 ante los\u00a0All Blacks\u00a0en el partido inaugural&hellip; <\/p>\n","protected":false},"author":8,"featured_media":223307,"comment_status":"closed","ping_status":"open","sticky":false,"template":"","format":"standard","meta":{"footnotes":""},"categories":[4],"tags":[],"class_list":["post-223306","post","type-post","status-publish","format-standard","has-post-thumbnail","hentry","category-deportes"],"_links":{"self":[{"href":"https:\/\/corrientesdetarde.com\/index.php\/wp-json\/wp\/v2\/posts\/223306","targetHints":{"allow":["GET"]}}],"collection":[{"href":"https:\/\/corrientesdetarde.com\/index.php\/wp-json\/wp\/v2\/posts"}],"about":[{"href":"https:\/\/corrientesdetarde.com\/index.php\/wp-json\/wp\/v2\/types\/post"}],"author":[{"embeddable":true,"href":"https:\/\/corrientesdetarde.com\/index.php\/wp-json\/wp\/v2\/users\/8"}],"replies":[{"embeddable":true,"href":"https:\/\/corrientesdetarde.com\/index.php\/wp-json\/wp\/v2\/comments?post=223306"}],"version-history":[{"count":1,"href":"https:\/\/corrientesdetarde.com\/index.php\/wp-json\/wp\/v2\/posts\/223306\/revisions"}],"predecessor-version":[{"id":223308,"href":"https:\/\/corrientesdetarde.com\/index.php\/wp-json\/wp\/v2\/posts\/223306\/revisions\/223308"}],"wp:featuredmedia":[{"embeddable":true,"href":"https:\/\/corrientesdetarde.com\/index.php\/wp-json\/wp\/v2\/media\/223307"}],"wp:attachment":[{"href":"https:\/\/corrientesdetarde.com\/index.php\/wp-json\/wp\/v2\/media?parent=223306"}],"wp:term":[{"taxonomy":"category","embeddable":true,"href":"https:\/\/corrientesdetarde.com\/index.php\/wp-json\/wp\/v2\/categories?post=223306"},{"taxonomy":"post_tag","embeddable":true,"href":"https:\/\/corrientesdetarde.com\/index.php\/wp-json\/wp\/v2\/tags?post=223306"}],"curies":[{"name":"wp","href":"https:\/\/api.w.org\/{rel}","templated":true}]}}