{"id":223309,"date":"2025-08-20T13:55:22","date_gmt":"2025-08-20T16:55:22","guid":{"rendered":"https:\/\/corrientesdetarde.com\/?p=223309"},"modified":"2025-08-20T13:55:27","modified_gmt":"2025-08-20T16:55:27","slug":"el-expresidente-de-colombia-alvaro-uribe-quedo-en-libertad-mientras-apela-una-condena-de-12-anos-de-prision","status":"publish","type":"post","link":"https:\/\/corrientesdetarde.com\/index.php\/internacionales\/el-expresidente-de-colombia-alvaro-uribe-quedo-en-libertad-mientras-apela-una-condena-de-12-anos-de-prision\/","title":{"rendered":"El expresidente de Colombia \u00c1lvaro Uribe qued\u00f3 en libertad mientras apela una condena de 12 a\u00f1os de prisi\u00f3n"},"content":{"rendered":"\n<p>El referente de la derecha colombiana estaba detenido en una de sus propiedades. La resoluci\u00f3n de su caso est\u00e1 en manos del Tribunal Superior de Bogot\u00e1.<\/p>\n\n\n\n<p>La justicia orden\u00f3 la liberaci\u00f3n inmediata del expresidente de\u00a0<strong>Colombia<\/strong>\u00a0<strong>\u00c1lvaro Uribe V\u00e9lez<\/strong>, mientras apela la condena de 12 a\u00f1os de prisi\u00f3n domiciliaria que recibi\u00f3 por soborno y fraude procesal en un fallo sin precedentes en el pa\u00eds. La orden fue emitida este martes por un tribunal colombiano.<\/p>\n\n\n\n<p>\u00c1lvaro Uribe V\u00e9lez, quien gobern\u00f3 Colombia entre 2002 y 2010, permanec\u00eda&nbsp;<strong>detenido en una casa de su propiedad<\/strong>&nbsp;en el noroeste del pa\u00eds.&nbsp;<em>AP<\/em>&nbsp;report\u00f3 que sus abogados solicitaron su libertad mediante un mecanismo de amparo.<\/p>\n\n\n\n<figure class=\"wp-block-image\"><img decoding=\"async\" src=\"https:\/\/tn.com.ar\/resizer\/v2\/partidarios-del-expresidente-colombiano-alvaro-uribe-velez-marchan-para-mostrarle-su-apoyo-luego-de-que-fuera-sentenciado-a-12-anos-de-arresto-domiciliario-por-manipulacion-de-testigos-y-soborno-foto-apsantiago-saldarriaga-RIFEFCI5GZ3U62TLO3JQRLKSTI.jpg?auth=ff996b48fbd2c170fd53f99a8c58a0178bc863711cc8e1e100c0c1f56e89b1e4&amp;width=767\" alt=\"Partidarios del expresidente colombiano \u00c1lvaro Uribe V\u00e9lez marchan para mostrarle su apoyo luego de que fuera sentenciado a 12 a\u00f1os de arresto domiciliario por manipulaci\u00f3n de testigos y soborno. (Foto: AP\/Santiago Saldarriaga)\"\/><\/figure>\n\n\n\n<p>En la defensa legal, alegaron que en el fallo de primera instancia se vulneraron los derechos de presunci\u00f3n de inocencia, libertad y debido proceso al ordenarse su detenci\u00f3n. El expresidente celebr\u00f3 la decisi\u00f3n y agradeci\u00f3 a sus simpatizantes y a Dios. \u201c<strong>Cada minuto de mi libertad lo dedicar\u00e9 a la libertad de Colombia<\/strong>\u201d, escribi\u00f3 en su perfil de X.<\/p>\n\n\n\n<p>Los congresistas del Centro Democr\u00e1tico, fundado por Uribe, tambi\u00e9n celebraron la medida. \u201c<strong>Esta enorme injusticia nos la quitaremos de encima<\/strong>\u201d, dijo Gabriel Vallejo, el director del Centro Democr\u00e1tico, en un video difundido a la prensa.<\/p>\n\n\n\n<p>A inicios de agosto, la jueza\u00a0Sandra Heredia conden\u00f3 a Uribe V\u00e9lez\u00a0al concluir que instig\u00f3 a un abogado para que ofreciera d\u00e1divas a testigos para que negaran los presuntos v\u00ednculos del expresidente con exparamilitares. Pero lo absolvi\u00f3 por el presunto soborno a una exfiscal condenada por corrupci\u00f3n.<\/p>\n\n\n\n<p>Heredia justific\u00f3 la orden de detenci\u00f3n domiciliaria por las \u201cestrategias dilatorias\u201d desplegadas en el juicio por la defensa del expresidente y advirti\u00f3 que le \u201cresulta f\u00e1cil\u201d abandonar el pa\u00eds para \u201c<strong>eludir la sanci\u00f3n impuesta<\/strong>\u201d. Sin embargo, el tribunal que lo liber\u00f3 consider\u00f3 que Uribe no ten\u00eda antecedentes penales y tuvo un buen comportamiento durante el juicio al que acudi\u00f3 voluntariamente.<\/p>\n\n\n\n<p>El fallo fue apelado por la defensa del exmandatario, quien siempre se ha declarado inocente. Ser\u00e1 el&nbsp;<strong>Tribunal Superior de Bogot\u00e1<\/strong>&nbsp;el encargado de decidir sobre el caso en segunda instancia.<\/p>\n\n\n\n<h2 class=\"wp-block-heading\">Los antecedentes de un caso hist\u00f3rico<\/h2>\n\n\n\n<p>El caso comenz\u00f3 en 2012 cuando el senador de izquierda Iv\u00e1n Cepeda denunci\u00f3 en el Congreso los presuntos v\u00ednculos de Uribe con grupos paramilitares, los cuales siempre ha negado el expresidente, por lo que decidi\u00f3 demandar por difamaci\u00f3n a Cepeda.<\/p>\n\n\n\n<p><\/p>\n\n\n\n<figure class=\"wp-block-image\"><img decoding=\"async\" src=\"https:\/\/tn.com.ar\/resizer\/v2\/colombia-tambien-vivio-protestas-contra-uribe-en-tiempo-reciente-foto-reutersluisa-gonzalez-F3UMNG5GMUBHDUZZQEYAVSXAIY.jpg?auth=f9f53801c53661db3dc35c50c65292242a3e3dc3b6eb53769528a846fc79081d&amp;width=767\" alt=\"Colombia tambi\u00e9n vivi\u00f3 protestas contra Uribe en tiempo reciente. (Foto: REUTERS\/Luisa Gonz\u00e1lez)\"\/><\/figure>\n\n\n\n<p>La Corte Suprema cerr\u00f3 en 2018 el caso contra Cepeda y, en un giro inesperado, abri\u00f3 uno contra Uribe para investigar si el expresidente estaba intentando manipular testigos para que declararan a su favor. Cepeda, quien fue reconocido como v\u00edctima en el proceso penal, dijo a la prensa que respeta la decisi\u00f3n del tribunal que deja en libertad a Uribe, pero que no lo comparte. \u201cTenemos la plena certeza de que el condenado expresidente&nbsp;<strong>viene realizando numerosas acciones de presi\u00f3n a la justicia y campa\u00f1as en contra nuestra<\/strong>\u201d, asegur\u00f3.<\/p>\n\n\n\n<p>Horas antes, una organizaci\u00f3n defensora de los derechos de los jueces en Colombia inform\u00f3 que pidi\u00f3 medidas cautelares de protecci\u00f3n a la Comisi\u00f3n Interamericana de Derechos Humanos para la jueza que conden\u00f3 a Uribe, porque ha sido amenazada de muerte. El Fondo de Solidaridad con el Poder Judicial Colombiano, que elev\u00f3 la solicitud de protecci\u00f3n, asegur\u00f3 en un comunicado que la jueza est\u00e1 en \u201cevidente peligro por las declaraciones altisonantes del procesado, sus familiares y partidarios pol\u00edticos\u201d.<\/p>\n\n\n\n<p><\/p>\n","protected":false},"excerpt":{"rendered":"<p>El referente de la derecha colombiana estaba detenido en una de sus propiedades. La resoluci\u00f3n de su caso est\u00e1 en manos del Tribunal Superior de Bogot\u00e1. La justicia orden\u00f3 la&hellip; <\/p>\n","protected":false},"author":8,"featured_media":223310,"comment_status":"closed","ping_status":"open","sticky":false,"template":"","format":"standard","meta":{"footnotes":""},"categories":[11],"tags":[],"class_list":["post-223309","post","type-post","status-publish","format-standard","has-post-thumbnail","hentry","category-internacionales"],"_links":{"self":[{"href":"https:\/\/corrientesdetarde.com\/index.php\/wp-json\/wp\/v2\/posts\/223309","targetHints":{"allow":["GET"]}}],"collection":[{"href":"https:\/\/corrientesdetarde.com\/index.php\/wp-json\/wp\/v2\/posts"}],"about":[{"href":"https:\/\/corrientesdetarde.com\/index.php\/wp-json\/wp\/v2\/types\/post"}],"author":[{"embeddable":true,"href":"https:\/\/corrientesdetarde.com\/index.php\/wp-json\/wp\/v2\/users\/8"}],"replies":[{"embeddable":true,"href":"https:\/\/corrientesdetarde.com\/index.php\/wp-json\/wp\/v2\/comments?post=223309"}],"version-history":[{"count":1,"href":"https:\/\/corrientesdetarde.com\/index.php\/wp-json\/wp\/v2\/posts\/223309\/revisions"}],"predecessor-version":[{"id":223311,"href":"https:\/\/corrientesdetarde.com\/index.php\/wp-json\/wp\/v2\/posts\/223309\/revisions\/223311"}],"wp:featuredmedia":[{"embeddable":true,"href":"https:\/\/corrientesdetarde.com\/index.php\/wp-json\/wp\/v2\/media\/223310"}],"wp:attachment":[{"href":"https:\/\/corrientesdetarde.com\/index.php\/wp-json\/wp\/v2\/media?parent=223309"}],"wp:term":[{"taxonomy":"category","embeddable":true,"href":"https:\/\/corrientesdetarde.com\/index.php\/wp-json\/wp\/v2\/categories?post=223309"},{"taxonomy":"post_tag","embeddable":true,"href":"https:\/\/corrientesdetarde.com\/index.php\/wp-json\/wp\/v2\/tags?post=223309"}],"curies":[{"name":"wp","href":"https:\/\/api.w.org\/{rel}","templated":true}]}}