{"id":223331,"date":"2025-08-20T15:04:30","date_gmt":"2025-08-20T18:04:30","guid":{"rendered":"https:\/\/corrientesdetarde.com\/?p=223331"},"modified":"2025-08-20T15:04:35","modified_gmt":"2025-08-20T18:04:35","slug":"estados-unidos-aumenta-la-presion-sobre-el-gobierno-para-contrarrestar-la-presencia-de-china-en-la-argentina","status":"publish","type":"post","link":"https:\/\/corrientesdetarde.com\/index.php\/internacionales\/estados-unidos-aumenta-la-presion-sobre-el-gobierno-para-contrarrestar-la-presencia-de-china-en-la-argentina\/","title":{"rendered":"Estados Unidos aumenta la presi\u00f3n sobre el Gobierno para contrarrestar la presencia de China en la Argentina"},"content":{"rendered":"\n<p>Uno de los altos mandos norteamericanos para la regi\u00f3n volvi\u00f3 a cargar fuertemente contra el gigante asi\u00e1tico. Las adquisiciones en el sector militar.<\/p>\n\n\n\n<p><a href=\"https:\/\/tn.com.ar\/autor\/gbanez\/\"><\/a><\/p>\n\n\n\n<p>Una de las prioridades que tiene la pol\u00edtica exterior y de defensa de la Casa Blanca para Am\u00e9rica Latina es la de&nbsp;<strong>contrarrestar la creciente influencia que China<\/strong>&nbsp;fue ganando en la regi\u00f3n a fuerza de acuerdos de infraestructura, intercambio comercial, explotaci\u00f3n de recursos estrat\u00e9gicos como el litio y el \u201colvido\u201d de Estados Unidos a esta parte del continente desde 2001 en adelante.<\/p>\n\n\n\n<p>Si bien no es una posici\u00f3n exclusiva de los republicanos, dado que Joe Biden tambi\u00e9n busc\u00f3 balancear la presencia del gigante asi\u00e1tico,<strong>&nbsp;Donald Trump intenta explotar al m\u00e1ximo su buen v\u00ednculo pol\u00edtico con Javier Milei<\/strong>&nbsp;para ganar terreno en la Argentina.<\/p>\n\n\n\n<p>El \u00faltimo gesto\u00a0lo dio el almirante Alvis Holsey, jefe del Comando Sur de Estados Unidos y el militar que tiene a su cargo la articulaci\u00f3n de todas las fuerzas norteamericanas destinadas a Am\u00e9rica del Sur, cuando en el discurso que dio esta ma\u00f1ana en una cumbre de Defensa organizada en Buenos Aires lanz\u00f3 que China es<strong>\u00a0\u201cuna amenaza para los pueblos\u201d\u00a0<\/strong>y que \u201cbusca exportar su modelo autoritario\u201d a la regi\u00f3n.<\/p>\n\n\n\n<p>Las declaraciones las hizo frente al ministro de Defensa argentino,&nbsp;<strong>Luis Petri<\/strong>, y el jefe del Estado Mayor Conjunto de las Fuerzas Armadas, brigadier general&nbsp;<strong>Xavier Isaac<\/strong>, en la inauguraci\u00f3n del SOUTHDEC 2025, una cumbre en la que participan los principales l\u00eddres de defensa de Sudam\u00e9rica y Europa. La \u00faltima vez que se organiz\u00f3 en el pa\u00eds fue en 2018.<\/p>\n\n\n\n<figure class=\"wp-block-image\"><img decoding=\"async\" src=\"https:\/\/tn.com.ar\/resizer\/v2\/la-fuerza-aerea-argentina-espera-la-llegada-de-los-primeros-aviones-caza-f-16-para-fin-de-ano-foto-reuters-VSVSCHLVPBFLRB4EJXSB2WZAS4.jpg?auth=7a92402948d89eb76527f602ef22fe7cdff60a240a58d4c8a3b0bc7d6d87c3fe&amp;width=767\" alt=\"La Fuerza A\u00e9rea Argentina espera la llegada de los primeros aviones caza F-16 para fin de a\u00f1o. (Foto: Reuters).\"\/><\/figure>\n\n\n\n<p>Desde la llegada de Javier Milei a la Casa Rosada, y previo al triunfo electoral de Trump, la Argentina ya hab\u00eda ratificado su nueva alineaci\u00f3n con la Casa Blanca en t\u00e9rminos pol\u00edticos pero sobre todo militares. Concret\u00f3 la&nbsp;<strong>compra de los aviones de combate F-16 a Dinamarca<\/strong>, de los&nbsp;<strong>Orion P3<\/strong>&nbsp;a Noruega -ambos de fabricaci\u00f3n norteamericana- y Petri firm\u00f3 una carta de intenci\u00f3n con su par Pete Hegseth para la adquisici\u00f3n de los<strong>&nbsp;blindados Stryker.<\/strong><\/p>\n\n\n\n<p>La administraci\u00f3n trumpista busca mediante todas las formas aumentar su presencia e influencia en el pa\u00eds, lo que directamente significa un perjuicio para las intenciones que China tambi\u00e9n tiene en toda Am\u00e9rica Latina.<\/p>\n\n\n\n<p>El \u00faltimo gran cortocircuito de los dos gigantes en la Argentina se dio cuando el futuro embajador norteamericano\u00a0Peter Lamelas pidi\u00f3 abiertamente que las provincias\u00a0abandonen las relaciones comerciales que tienen con China y denunci\u00f3 una supuesta corrupci\u00f3n de Beijing.<\/p>\n\n\n\n<p>R\u00e1pidamente la embajada de China en la Argentina sali\u00f3 a responderle al futuro embajador norteamericano pidiendo que no se entrometa en asuntos entre otros Estados.<\/p>\n\n\n\n<p>\u201cSi los lazos entre la Argentina y China se ven afectados por la pol\u00edtica exterior de Estados Unidos\u00a0<strong>ser\u00e1 por las decisiones del gobierno argentino<\/strong>\u201d, analiz\u00f3 en di\u00e1logo <strong>\u00a0<\/strong>el embajador chino\u00a0<strong>Xu Bu<\/strong>, quien estuvo en el pa\u00eds semanas atr\u00e1s junto con una delegaci\u00f3n del Instituto Chino de Estudios Internacionales (CIIS).<\/p>\n\n\n\n<p>Por ahora, Javier Milei<strong>&nbsp;busca hacer equilibrio frente a estas presiones que vienen del norte<\/strong>. Sabe que necesita del gigante asi\u00e1tico para sostener las reservas del Banco Central gracias al swap de monedas y el intercambio comercial, que lo ubica como el segundo socio m\u00e1s importante para el pa\u00eds detr\u00e1s de Brasil.<\/p>\n\n\n\n<p><\/p>\n","protected":false},"excerpt":{"rendered":"<p>Uno de los altos mandos norteamericanos para la regi\u00f3n volvi\u00f3 a cargar fuertemente contra el gigante asi\u00e1tico. Las adquisiciones en el sector militar. Una de las prioridades que tiene la&hellip; <\/p>\n","protected":false},"author":8,"featured_media":223332,"comment_status":"closed","ping_status":"open","sticky":false,"template":"","format":"standard","meta":{"footnotes":""},"categories":[11],"tags":[],"class_list":["post-223331","post","type-post","status-publish","format-standard","has-post-thumbnail","hentry","category-internacionales"],"_links":{"self":[{"href":"https:\/\/corrientesdetarde.com\/index.php\/wp-json\/wp\/v2\/posts\/223331","targetHints":{"allow":["GET"]}}],"collection":[{"href":"https:\/\/corrientesdetarde.com\/index.php\/wp-json\/wp\/v2\/posts"}],"about":[{"href":"https:\/\/corrientesdetarde.com\/index.php\/wp-json\/wp\/v2\/types\/post"}],"author":[{"embeddable":true,"href":"https:\/\/corrientesdetarde.com\/index.php\/wp-json\/wp\/v2\/users\/8"}],"replies":[{"embeddable":true,"href":"https:\/\/corrientesdetarde.com\/index.php\/wp-json\/wp\/v2\/comments?post=223331"}],"version-history":[{"count":1,"href":"https:\/\/corrientesdetarde.com\/index.php\/wp-json\/wp\/v2\/posts\/223331\/revisions"}],"predecessor-version":[{"id":223333,"href":"https:\/\/corrientesdetarde.com\/index.php\/wp-json\/wp\/v2\/posts\/223331\/revisions\/223333"}],"wp:featuredmedia":[{"embeddable":true,"href":"https:\/\/corrientesdetarde.com\/index.php\/wp-json\/wp\/v2\/media\/223332"}],"wp:attachment":[{"href":"https:\/\/corrientesdetarde.com\/index.php\/wp-json\/wp\/v2\/media?parent=223331"}],"wp:term":[{"taxonomy":"category","embeddable":true,"href":"https:\/\/corrientesdetarde.com\/index.php\/wp-json\/wp\/v2\/categories?post=223331"},{"taxonomy":"post_tag","embeddable":true,"href":"https:\/\/corrientesdetarde.com\/index.php\/wp-json\/wp\/v2\/tags?post=223331"}],"curies":[{"name":"wp","href":"https:\/\/api.w.org\/{rel}","templated":true}]}}