{"id":223334,"date":"2025-08-20T15:06:21","date_gmt":"2025-08-20T18:06:21","guid":{"rendered":"https:\/\/corrientesdetarde.com\/?p=223334"},"modified":"2025-08-20T15:06:25","modified_gmt":"2025-08-20T18:06:25","slug":"la-camiseta-de-boca-que-uso-maradona-fue-elegida-como-la-mejor-de-la-historia-del-futbol","status":"publish","type":"post","link":"https:\/\/corrientesdetarde.com\/index.php\/deportes\/la-camiseta-de-boca-que-uso-maradona-fue-elegida-como-la-mejor-de-la-historia-del-futbol\/","title":{"rendered":"La camiseta de Boca que us\u00f3 Maradona fue elegida como la mejor de la historia del f\u00fatbol"},"content":{"rendered":"\n<p>La revista Panenka lanz\u00f3 un concurso y los fan\u00e1ticos eligieron la azul y oro con la que el astro fue campe\u00f3n del torneo Metropolitano 1981.<\/p>\n\n\n\n<p><strong>La camiseta de\u00a0Boca\u00a0de la temporada 1981-82 fue elegida como la mejor camiseta de la historia.<\/strong>\u00a0La revista\u00a0<em>Panenka<\/em>\u00a0public\u00f3 un listado de 150 camisetas memorables del f\u00fatbol y, tras un concurso con m\u00e1s de 100 mil votos, la ganadora fue la del Xeneize.<\/p>\n\n\n\n<p>La gran final se disput\u00f3 el pasado domingo 17 de agosto. Entre las camisetas seleccionadas estaban la de Brasil de 1998, la de Alemania de 1990, la de la Fiorentina 1998\/99 y la del conjunto de la Ribera.<\/p>\n\n\n\n<p>La mejor de todas es la que visti\u00f3&nbsp;<strong>Diego Armando Maradona<\/strong>&nbsp;a principios de los a\u00f1os \u201880.<\/p>\n\n\n\n<figure class=\"wp-block-image\"><img decoding=\"async\" src=\"https:\/\/tn.com.ar\/resizer\/v2\/la-camiseta-de-boca-de-la-temporada-1981-82-fue-elegida-como-la-mejor-camiseta-de-la-historia-foto-revistapanenkainstagram-VOJ3BT3GZBFZPGCQLSLDXBHYJQ.jpg?auth=2a38b74efe21ffb81e0c33e19f329934a3b57a264f159c2b3a2854b82c0a6e73&amp;width=767\" alt=\"La camiseta de Boca de la temporada 1981-82 fue elegida como la mejor camiseta de la historia. (Foto: revistapanenka\/Instagram)\"\/><\/figure>\n\n\n\n<h2 class=\"wp-block-heading\"><strong>La temporada de Diego Maradona en Boca<\/strong><\/h2>\n\n\n\n<p>Maradona lleg\u00f3 a&nbsp;<strong>Boca en 1981<\/strong>, tras decidir dejar Argentinos Juniors debido a sus constantes conflictos con la directiva. Aunque hab\u00eda recibido ofertas de otros clubes, como el&nbsp;<strong>Am\u00e9rica de Cali<\/strong>&nbsp;y el&nbsp;<strong>Sheffield United<\/strong>, e incluso una propuesta econ\u00f3mica importante de&nbsp;<strong>River<\/strong>, su preferencia personal y familiar por Boca lo llev\u00f3 a presionar para ser transferido al club de La Ribera.<\/p>\n\n\n\n<p>Dadas las limitaciones econ\u00f3micas del Xeneize, la operaci\u00f3n se realiz\u00f3 en calidad de<strong>&nbsp;pr\u00e9stamo por un a\u00f1o y medio<\/strong>, compensando la transacci\u00f3n con departamentos nuevos para el jugador.<\/p>\n\n\n\n<p>El&nbsp;<strong>20 de febrero de 1981<\/strong>&nbsp;firm\u00f3 su contrato y debut\u00f3 dos d\u00edas despu\u00e9s frente a&nbsp;<strong>Talleres<\/strong>, partido que Boca gan\u00f3 4-1 con dos goles de Maradona, a pesar de jugar infiltrado por una molestia muscular.<\/p>\n","protected":false},"excerpt":{"rendered":"<p>La revista Panenka lanz\u00f3 un concurso y los fan\u00e1ticos eligieron la azul y oro con la que el astro fue campe\u00f3n del torneo Metropolitano 1981. La camiseta de\u00a0Boca\u00a0de la temporada&hellip; <\/p>\n","protected":false},"author":8,"featured_media":223335,"comment_status":"closed","ping_status":"open","sticky":false,"template":"","format":"standard","meta":{"footnotes":""},"categories":[4],"tags":[],"class_list":["post-223334","post","type-post","status-publish","format-standard","has-post-thumbnail","hentry","category-deportes"],"_links":{"self":[{"href":"https:\/\/corrientesdetarde.com\/index.php\/wp-json\/wp\/v2\/posts\/223334","targetHints":{"allow":["GET"]}}],"collection":[{"href":"https:\/\/corrientesdetarde.com\/index.php\/wp-json\/wp\/v2\/posts"}],"about":[{"href":"https:\/\/corrientesdetarde.com\/index.php\/wp-json\/wp\/v2\/types\/post"}],"author":[{"embeddable":true,"href":"https:\/\/corrientesdetarde.com\/index.php\/wp-json\/wp\/v2\/users\/8"}],"replies":[{"embeddable":true,"href":"https:\/\/corrientesdetarde.com\/index.php\/wp-json\/wp\/v2\/comments?post=223334"}],"version-history":[{"count":1,"href":"https:\/\/corrientesdetarde.com\/index.php\/wp-json\/wp\/v2\/posts\/223334\/revisions"}],"predecessor-version":[{"id":223336,"href":"https:\/\/corrientesdetarde.com\/index.php\/wp-json\/wp\/v2\/posts\/223334\/revisions\/223336"}],"wp:featuredmedia":[{"embeddable":true,"href":"https:\/\/corrientesdetarde.com\/index.php\/wp-json\/wp\/v2\/media\/223335"}],"wp:attachment":[{"href":"https:\/\/corrientesdetarde.com\/index.php\/wp-json\/wp\/v2\/media?parent=223334"}],"wp:term":[{"taxonomy":"category","embeddable":true,"href":"https:\/\/corrientesdetarde.com\/index.php\/wp-json\/wp\/v2\/categories?post=223334"},{"taxonomy":"post_tag","embeddable":true,"href":"https:\/\/corrientesdetarde.com\/index.php\/wp-json\/wp\/v2\/tags?post=223334"}],"curies":[{"name":"wp","href":"https:\/\/api.w.org\/{rel}","templated":true}]}}