{"id":223337,"date":"2025-08-20T15:09:55","date_gmt":"2025-08-20T18:09:55","guid":{"rendered":"https:\/\/corrientesdetarde.com\/?p=223337"},"modified":"2025-08-20T15:10:01","modified_gmt":"2025-08-20T18:10:01","slug":"despues-de-casi-15-anos-siri-el-asistente-de-apple-tendra-un-rostro","status":"publish","type":"post","link":"https:\/\/corrientesdetarde.com\/index.php\/tecnologia\/despues-de-casi-15-anos-siri-el-asistente-de-apple-tendra-un-rostro\/","title":{"rendered":"Despu\u00e9s de casi 15 a\u00f1os, Siri, el asistente de Apple tendr\u00e1 un rostro"},"content":{"rendered":"\n<p>La compa\u00f1\u00eda de Cupertino dotar\u00eda al sistema de una personalidad visual. \u00bfQu\u00e9 opciones barajan para este paso?<a href=\"https:\/\/tn.com.ar\/autor\/UrielBederman\/\"><\/a><\/p>\n\n\n\n<p>Desde su lanzamiento en 2011, el\u00a0<strong>asistente virtual de Apple\u00a0<\/strong>ha sido primordialmente una voz. Ahora, al invocar a\u00a0<strong>Siri<\/strong> en la pantalla aparece un c\u00edrculo colorido que, con la voz seleccionada, inicia la interacci\u00f3n con el usuario. Despu\u00e9s de casi 15 a\u00f1os,\u00a0<strong>el programa tendr\u00e1 un rostro\u00a0<\/strong>propio, seg\u00fan rumores que circulan.<\/p>\n\n\n\n<p>La informaci\u00f3n proviene de Mark Gurman, una de las fuentes m\u00e1s confiables para conocer las\u00a0<strong>novedades de Apple<\/strong>. Si bien la compa\u00f1\u00eda estadounidense no confirm\u00f3 este paso, los\u00a0<strong>cambios en Siri\u00a0<\/strong>no sorprender\u00e1n: este gigante de la tecnolog\u00eda necesita recuperar terreno en la carrera de la Inteligencia Artificial, competencia en la que ha quedado relegado.<\/p>\n\n\n\n<h2 class=\"wp-block-heading\">Apple Siri tendr\u00e1 rostro: los detalles del rumor<\/h2>\n\n\n\n<p>El reportero de&nbsp;<em>Bloomberg&nbsp;<\/em>anticip\u00f3 que la empresa californiana tiene en mente darle una&nbsp;<strong>personalidad visual a su asistente con IA&nbsp;<\/strong>para que sea algo m\u00e1s que una voz;aunque por el momento no se sabe c\u00f3mo lucir\u00e1 Siri cuando aparezca en las pantallas.<\/p>\n\n\n\n<figure class=\"wp-block-image\"><img decoding=\"async\" src=\"https:\/\/tn.com.ar\/resizer\/v2\/siri-debuto-en-el-ano-2011-en-el-iphone-4s-foto-adobe-stock-XCQNDWI6VZBX3DKX2BTMI7LY4Y.jpeg?auth=34e007f409417ca731a0ef3773694396c1395f6c7b51a872d697f9f9e314e8c4&amp;width=767\" alt=\"Siri debut\u00f3 en el a\u00f1o 2011, en el iPhone 4s. (Foto: Adobe Stock)\"\/><\/figure>\n\n\n\n<p><strong>Este proyecto en Apple tiene nombre: \u201cBubbles\u201d<\/strong>, \u201cburbujas\u201d en espa\u00f1ol. Los rumores indican que se barajan dos opciones. Una de ellas es el\u00a0<strong>logo de Finder<\/strong>, una carita sonriente, de tonalidades azules y blancas, que aparece en el sistema operativo de las computadoras Mac. Otra alternativa es usar una\u00a0variante tipo\u00a0<strong>Memoji<\/strong>, los emojis caricaturescos que ofrece en algunos de sus servicios.<\/p>\n\n\n\n<figure class=\"wp-block-image\"><img decoding=\"async\" src=\"https:\/\/tn.com.ar\/resizer\/v2\/finder-una-de-las-posibles-identidades-visuales-para-el-nuevo-siri-foto-wikimediaapple-6LGK2M3JNFCKNDMK5G3S6LEQ2U.jpg?auth=e4ba97073872643a92bb85b270fd5f56dda61c25e922acdb2f31d74099e4e011&amp;width=767\" alt=\"Finder, una de las posibles identidades visuales para el nuevo Siri. (Foto: Wikimedia\/Apple)\"\/><\/figure>\n\n\n\n<p>M\u00e1s all\u00e1 de\u00a0<strong>c\u00f3mo lucir\u00e1 Siri<\/strong>, Gurman dice que el\u00a0plan de Apple\u00a0avanzar\u00e1 en dos instancias y que comenzar\u00e1 por mejorar las funciones de Siri que, sabemos, se entrecruzar\u00e1 con las novedades del entorno Intelligence. Luego, llegar\u00edan las mejoras a nivel visual, que se concretar\u00edan en iOS 27, hacia fines del 2026.<\/p>\n\n\n\n<h2 class=\"wp-block-heading\">El nuevo Siri encaja con la supuesta diversificaci\u00f3n en Apple<\/h2>\n\n\n\n<p>Tal como repasamos anteriormente en\u00a0<strong> Tecno<\/strong>, la firma de la manzana mordida tendr\u00eda entre manos un plan que entusiasma a los seguidores de la marca. Luego de muchos a\u00f1os concentrada en sus productos estelares,\u00a0diversificar\u00eda su propuesta con sorpresas e innovaciones.<\/p>\n\n\n\n<figure class=\"wp-block-image\"><img decoding=\"async\" src=\"https:\/\/tn.com.ar\/resizer\/v2\/apple-apostaria-por-la-diversificacion-y-el-nuevo-siri-tendria-un-espacio-central-en-esta-estrategia-foto-reutersabdul-saboor-LAGPWQLATJ2TMKG6CYZFXJBRIU.jpg?auth=f4c3a48e556e0818d1d575c4438765f7a9170601846e64ef9290639faa812d25&amp;width=767\" alt=\"Apple apostar\u00eda por la diversificaci\u00f3n y el nuevo Siri tendr\u00eda un espacio central en esta estrategia. (Foto: Reuters\/Abdul\u00a0Saboor)\"\/><\/figure>\n\n\n\n<p>Entre esas novedades, se destacan los\u00a0<strong>aut\u00f3matas para el hogar<\/strong>. Recientemente, mencionamos que el fabricante trabaja en un\u00a0iPad que tendr\u00e1 un brazo rob\u00f3tico, que seguir\u00e1 los pasos del usuario. Dotar a Siri de una identidad visual tiene sentido, en esos equipos.<\/p>\n\n\n\n<h2 class=\"wp-block-heading\">Asistentes digitales con rostro y cuerpo: una historia con aciertos y tropiezos<\/h2>\n\n\n\n<p>Si la informaci\u00f3n de Gurman se confirmase,&nbsp;<strong>Siri no ser\u00e1 el primer asistente digital en tener cara<\/strong>. En la historia del software, hemos sido testigos de varios intentos, algunos celebrados y otros con finales poco felices.<\/p>\n\n\n\n<figure class=\"wp-block-image\"><img decoding=\"async\" src=\"https:\/\/tn.com.ar\/resizer\/v2\/clippy-el-recordado-asistente-en-office-foto-microsoft-YA7EFH53I5EFRPRNIMI4RYPIR4.jpg?auth=10c305849031f8de1accc9c52c16f57e32ab6721790b743acf99d1358dede70d&amp;width=767\" alt=\"Clippy, el recordado asistente en Office. (Foto: Microsoft)\"\/><\/figure>\n\n\n\n<p>Siguiendo el repaso del sitio\u00a0<em>Applesfera<\/em>, quiz\u00e1s\u00a0<strong>el ejemplo m\u00e1s recordado es\u00a0Clippy, que asisti\u00f3 a los usuarios de Microsoft Office\u00a0con la forma de un ganchito<\/strong>. \u201cSe convirti\u00f3 m\u00e1s en un meme, que en un apoyo\u201d, se\u00f1ala la fuente respecto al recordado personaje.<\/p>\n\n\n\n<p>Otros asistentes virtuales conocidos jam\u00e1s tuvieron rostro. Assistant de Google y Amazon Alexa se limitaron a asistir con la voz. Acaso, el cambio del que habl\u00f3 Gurman para Siri le permita&nbsp;<strong>diferenciarse en un negocio cada vez m\u00e1s competitivo<\/strong>, en el que, tal como mencionamos m\u00e1s arriba, Apple qued\u00f3 relegada frente al buen ritmo de rivales como OpenAI, Google, la red social X, e incluso su contempor\u00e1nea Microsoft.<\/p>\n\n\n\n<p><\/p>\n","protected":false},"excerpt":{"rendered":"<p>La compa\u00f1\u00eda de Cupertino dotar\u00eda al sistema de una personalidad visual. \u00bfQu\u00e9 opciones barajan para este paso? Desde su lanzamiento en 2011, el\u00a0asistente virtual de Apple\u00a0ha sido primordialmente una voz.&hellip; <\/p>\n","protected":false},"author":8,"featured_media":223338,"comment_status":"closed","ping_status":"open","sticky":false,"template":"","format":"standard","meta":{"footnotes":""},"categories":[24],"tags":[],"class_list":["post-223337","post","type-post","status-publish","format-standard","has-post-thumbnail","hentry","category-tecnologia"],"_links":{"self":[{"href":"https:\/\/corrientesdetarde.com\/index.php\/wp-json\/wp\/v2\/posts\/223337","targetHints":{"allow":["GET"]}}],"collection":[{"href":"https:\/\/corrientesdetarde.com\/index.php\/wp-json\/wp\/v2\/posts"}],"about":[{"href":"https:\/\/corrientesdetarde.com\/index.php\/wp-json\/wp\/v2\/types\/post"}],"author":[{"embeddable":true,"href":"https:\/\/corrientesdetarde.com\/index.php\/wp-json\/wp\/v2\/users\/8"}],"replies":[{"embeddable":true,"href":"https:\/\/corrientesdetarde.com\/index.php\/wp-json\/wp\/v2\/comments?post=223337"}],"version-history":[{"count":1,"href":"https:\/\/corrientesdetarde.com\/index.php\/wp-json\/wp\/v2\/posts\/223337\/revisions"}],"predecessor-version":[{"id":223339,"href":"https:\/\/corrientesdetarde.com\/index.php\/wp-json\/wp\/v2\/posts\/223337\/revisions\/223339"}],"wp:featuredmedia":[{"embeddable":true,"href":"https:\/\/corrientesdetarde.com\/index.php\/wp-json\/wp\/v2\/media\/223338"}],"wp:attachment":[{"href":"https:\/\/corrientesdetarde.com\/index.php\/wp-json\/wp\/v2\/media?parent=223337"}],"wp:term":[{"taxonomy":"category","embeddable":true,"href":"https:\/\/corrientesdetarde.com\/index.php\/wp-json\/wp\/v2\/categories?post=223337"},{"taxonomy":"post_tag","embeddable":true,"href":"https:\/\/corrientesdetarde.com\/index.php\/wp-json\/wp\/v2\/tags?post=223337"}],"curies":[{"name":"wp","href":"https:\/\/api.w.org\/{rel}","templated":true}]}}