{"id":223340,"date":"2025-08-20T16:06:17","date_gmt":"2025-08-20T19:06:17","guid":{"rendered":"https:\/\/corrientesdetarde.com\/?p=223340"},"modified":"2025-08-20T16:06:28","modified_gmt":"2025-08-20T19:06:28","slug":"diputados-la-oposicion-impuso-su-mayoria-para-habilitar-el-tratamiento-del-veto-a-la-emergencia-en-discapacidad","status":"publish","type":"post","link":"https:\/\/corrientesdetarde.com\/index.php\/politica\/diputados-la-oposicion-impuso-su-mayoria-para-habilitar-el-tratamiento-del-veto-a-la-emergencia-en-discapacidad\/","title":{"rendered":"Diputados: la oposici\u00f3n impuso su mayor\u00eda para habilitar el tratamiento del veto a la Emergencia en Discapacidad"},"content":{"rendered":"\n<p>La oposici\u00f3n impuso su&nbsp;<strong>mayor\u00eda&nbsp;<\/strong>en sesi\u00f3n en Diputados para habilitar el tratamiento del veto del presidente<strong>&nbsp;Javier Milei<\/strong>&nbsp;a la&nbsp;<strong>Ley de Emergencia en Discapacidad.<\/strong>&nbsp;Fue por&nbsp;<strong>166&nbsp;<\/strong>votos a favor,&nbsp;<strong>75&nbsp;<\/strong>en contra y cero abstenciones.<\/p>\n\n\n\n<p>Mientras que&nbsp;<strong>Ricardo L\u00f3pez Murphy<\/strong>&nbsp;(Republicanos Unidos), consider\u00f3: &#8220;El sistema de protecci\u00f3n por discapacidad est\u00e1 atrapado en una<strong>&nbsp;red de normas confusas<\/strong>&nbsp;y una<strong>&nbsp;burocracia paralizante<\/strong>&nbsp;con organismos superpuestos&#8221;.<\/p>\n\n\n\n<p>El diputado advirti\u00f3: &#8220;Han pasado&nbsp;<strong>cosas grav\u00edsimas,<\/strong>&nbsp;como haber pasado de 76.000 beneficiarios a m\u00e1s de 1.000.000; en algunas provincias lo cobra el 8% de la poblaci\u00f3n y en algunas localidades llega al 40%,&nbsp;<strong>sin que guerras ni epidemias lo justifiquen&#8221;.<\/strong><\/p>\n\n\n\n<p>L\u00f3pez Murphy critic\u00f3: &#8220;Esto alimenta la sospecha de un<strong>&nbsp;uso clientelar<\/strong>&nbsp;y de un nivel significativo de&nbsp;<strong>corrupci\u00f3n,<\/strong>&nbsp;que erosiona la confianza p\u00fablica en el sistema&#8221;.<\/p>\n\n\n\n<p>El diputado dijo tambi\u00e9n que la Ley de Emergencia en Discapacidad &#8220;es una<strong>&nbsp;muy mala propuesta,&nbsp;<\/strong>pero tambi\u00e9n es muy mala la actitud del Poder Ejecutivo de<strong>&nbsp;no proceder a la correcci\u00f3n de los valores<\/strong>&nbsp;de los aranceles para la asistencia&#8221;.<\/p>\n","protected":false},"excerpt":{"rendered":"<p>La oposici\u00f3n impuso su&nbsp;mayor\u00eda&nbsp;en sesi\u00f3n en Diputados para habilitar el tratamiento del veto del presidente&nbsp;Javier Milei&nbsp;a la&nbsp;Ley de Emergencia en Discapacidad.&nbsp;Fue por&nbsp;166&nbsp;votos a favor,&nbsp;75&nbsp;en contra y cero abstenciones. Mientras que&nbsp;Ricardo&hellip; <\/p>\n","protected":false},"author":8,"featured_media":223341,"comment_status":"closed","ping_status":"open","sticky":false,"template":"","format":"standard","meta":{"footnotes":""},"categories":[3],"tags":[],"class_list":["post-223340","post","type-post","status-publish","format-standard","has-post-thumbnail","hentry","category-politica"],"_links":{"self":[{"href":"https:\/\/corrientesdetarde.com\/index.php\/wp-json\/wp\/v2\/posts\/223340","targetHints":{"allow":["GET"]}}],"collection":[{"href":"https:\/\/corrientesdetarde.com\/index.php\/wp-json\/wp\/v2\/posts"}],"about":[{"href":"https:\/\/corrientesdetarde.com\/index.php\/wp-json\/wp\/v2\/types\/post"}],"author":[{"embeddable":true,"href":"https:\/\/corrientesdetarde.com\/index.php\/wp-json\/wp\/v2\/users\/8"}],"replies":[{"embeddable":true,"href":"https:\/\/corrientesdetarde.com\/index.php\/wp-json\/wp\/v2\/comments?post=223340"}],"version-history":[{"count":1,"href":"https:\/\/corrientesdetarde.com\/index.php\/wp-json\/wp\/v2\/posts\/223340\/revisions"}],"predecessor-version":[{"id":223342,"href":"https:\/\/corrientesdetarde.com\/index.php\/wp-json\/wp\/v2\/posts\/223340\/revisions\/223342"}],"wp:featuredmedia":[{"embeddable":true,"href":"https:\/\/corrientesdetarde.com\/index.php\/wp-json\/wp\/v2\/media\/223341"}],"wp:attachment":[{"href":"https:\/\/corrientesdetarde.com\/index.php\/wp-json\/wp\/v2\/media?parent=223340"}],"wp:term":[{"taxonomy":"category","embeddable":true,"href":"https:\/\/corrientesdetarde.com\/index.php\/wp-json\/wp\/v2\/categories?post=223340"},{"taxonomy":"post_tag","embeddable":true,"href":"https:\/\/corrientesdetarde.com\/index.php\/wp-json\/wp\/v2\/tags?post=223340"}],"curies":[{"name":"wp","href":"https:\/\/api.w.org\/{rel}","templated":true}]}}