{"id":223417,"date":"2025-08-21T00:07:09","date_gmt":"2025-08-21T03:07:09","guid":{"rendered":"https:\/\/corrientesdetarde.com\/?p=223417"},"modified":"2025-08-21T08:02:43","modified_gmt":"2025-08-21T11:02:43","slug":"el-gobernador-habilito-el-piso-de-parquet-del-club-curuzu","status":"publish","type":"post","link":"https:\/\/corrientesdetarde.com\/index.php\/informacion-general\/el-gobernador-habilito-el-piso-de-parquet-del-club-curuzu\/","title":{"rendered":"El Gobernador habilit\u00f3 el piso de parquet del Club &#8220;Curuz\u00fa&#8221;"},"content":{"rendered":"\n<p><strong>En horas de la tarde de este mi\u00e9rcoles, el gobernador Gustavo Vald\u00e9s dej\u00f3 inaugurado el piso de parquet del Club deportivo y recreativo &#8220;Curuz\u00fa&#8221; y anunci\u00f3 la construcci\u00f3n de un nuevo techo y tribunas para la instituci\u00f3n deportiva. Posteriormente, en el Club Sarmiento otorg\u00f3 microcr\u00e9ditos y bienes de capital a emprendedores de la localidad.<\/strong><\/p>\n\n\n\n<p><strong>El acompa\u00f1amiento al deporte, por parte del Gobierno Provincial, constituye una pol\u00edtica fundamental para el desarrollo integral de la comunidad, ya que no solo promueve h\u00e1bitos de vida saludable, sino que tambi\u00e9n fomenta valores como el trabajo en equipo, la disciplina y el esfuerzo personal. Cada inversi\u00f3n en infraestructura deportiva representa una oportunidad para que m\u00e1s j\u00f3venes, ni\u00f1os y adultos accedan a espacios adecuados donde puedan crecer en un entorno de inclusi\u00f3n y contenci\u00f3n.<\/strong><\/p>\n\n\n\n<p><strong>Adem\u00e1s, en la ocasi\u00f3n el Gobierno de la Provincia, a trav\u00e9s de la Secretar\u00eda de Deportes, hizo entrega de elementos deportivos para la instituci\u00f3n, y se brind\u00f3 la carpeta correspondiente.<\/strong><\/p>\n\n\n\n<p><strong>\u201cUno mira y ve el piso de parquet que dan ganas de seguir haciendo infraestructura, y hay que arreglar el techo, sigamos con eso\u201d, indic\u00f3 el Gobernador y anunci\u00f3 que \u201cque hay que hacer son tribunas m\u00f3viles, y que puede hacer que el Club sea muy importante\u201d.<\/strong><\/p>\n\n\n\n<p><strong>\u201cMiro en el tiempo y hab\u00eda cosas que no hab\u00eda, y no hab\u00eda la inversi\u00f3n que hay hoy, y vamos a seguir paso a paso, firmes y para adelante\u201d, concluy\u00f3 el Mandatario.<\/strong><\/p>\n\n\n\n<p><strong>Por su parte, el secretario de Deportes Jorge Terrile resalt\u00f3 la obra de infraestructura que fue hecha con apoyo de la Provincia, y que \u201choy el Club tiene la oportunidad de realizar varios deportes mediante esto\u201d, y remarc\u00f3 el trabajo de canaletas para que no se da\u00f1e la cancha de parquet, y la mejora de cancha de tenis, y que tienen la idea de realizar, a futuro, una cancha de f\u00fatbol 5.<\/strong><\/p>\n\n\n\n<p>Al expresarse ante los presentes el viceintendente Guillermo Morandini dijo que \u201ctengo que felicitar a la Comisi\u00f3n que nos continu\u00f3 por el trabajo, las gestiones que vienen haciendo porque tenemos el coraz\u00f3n puesto en este Club y sabemos que es un Club hist\u00f3rico en donde se hacen muchas disciplinas\u201d y a la vez para concluir remarc\u00f3 que \u201csin la ayuda del Gobierno provincial a veces es muy dif\u00edcil mantenerlo porque a nosotros nos cost\u00f3 siempre porque es pesado\u201d.<\/p>\n\n\n\n<p>El presidente del Club de Curuz\u00fa Cuati\u00e1, Juan Manuel Alcorta, en la oportunidad dijo que \u201cesto era un anhelo, y es una apuesta al deporte y a la juventud porque aqu\u00ed se realizan muchos deportes y eventos deportivos\u201d, y por \u00faltimo dijo: \u201cespero que sigamos trabajando juntos en pos del deporte, de la juventud, del futuro, y de la ciudad de Curuz\u00fa Cuati\u00e1.<\/p>\n\n\n\n<p><strong>Entrega de microcr\u00e9ditos y bienes de capital para emprendedores<\/strong><\/p>\n\n\n\n<p><strong>Finalizada la inauguraci\u00f3n de la cancha de parquet del Club Curuz\u00fa Cuati\u00e1, el Gobernador se dirigi\u00f3 al Club Belgrano para hacer entrega de m\u00e1s de 30 microcr\u00e9ditos, y bienes de capital a 16 emprendedores locales.<\/strong><\/p>\n\n\n\n<p><strong>La actividad permiti\u00f3 que numerosos beneficiarios recibieran herramientas y equipamientos necesarios para fortalecer sus proyectos productivos, consolidando el acompa\u00f1amiento del Estado provincial a la generaci\u00f3n de empleo genuino y al impulso de la econom\u00eda local.<\/strong><\/p>\n\n\n\n<p><strong>Al iniciar su discurso ante los emprendedores, el gobernador Vald\u00e9s explic\u00f3 que \u201cel emprendedurismo es algo fundamental en la rep\u00fablica Argentina y en Corrientes, nosotros hoy estamos trabajando con el programa Emprendedores Somos Todos a muchos emprendedores que tienen fuerza, talento, que tienen un arte, que tienen un oficio, nosotros le estamos otorgando la posibilidad de que ingresen a es camino o que mejoren su herramienta de trabajo\u201d y a\u00f1adi\u00f3 que \u201ceso es lo que hoy estamos viendo con el programa Emprendedores Somos Todos en donde hoy tenemos 16 emprendedores\u201d.<\/strong><\/p>\n\n\n\n<p><strong>Luego, el Primer mandatario de la provincia revel\u00f3 que \u201cdespu\u00e9s le sumamos otro programa que estamos llevando adelante con la Fundaci\u00f3n Banco de la provincia de Corrientes, que es una fundaci\u00f3n de nuestro Banco y consiste en que nosotros le demos un cr\u00e9dito y que tengamos confianza mutua, ustedes fe en nosotros y nosotros fe en ustedes\u201d y a la vez a\u00f1adi\u00f3 que \u201cle damos microcr\u00e9ditos que son peque\u00f1os cr\u00e9ditos con 6 meses de gracia, es decir que durante 6 meses, despu\u00e9s de recibido el cr\u00e9dito no lo pagan, lo comienzan a pagar al mes n\u00famero 7 y comienzan a pagar porque nos tienen que devolver los recursos\u201d.<\/strong><\/p>\n\n\n\n<p><strong>En ese mismo sentido, Vald\u00e9s indic\u00f3 que \u201cnos comienzan a pagar una tasa del 7 por ciento como m\u00e1ximo porque estamos hablando de cr\u00e9ditos de 500 mil, de 1 mill\u00f3n, de 2 millones a 3 millones de pesos y en cuotas, 12, 24, 36 y si terminan de pagar ese cr\u00e9dito, nosotros ya vamos a tener una confianza mutua y&nbsp; van a poder seguir girando y seguir recibiendo un pr\u00e9stamo de la Fundaci\u00f3n del Banco de la provincia de Corrientes\u201d y para finalizar remarc\u00f3 que esta Fundaci\u00f3n: \u201cEst\u00e1 direccionada a unir tanto el programa Emprendedores Somos Todos con este programa de la Fundaci\u00f3n de esa forma le estamos dando un envi\u00f3n, un empuje para que les vaya bien para que tengan \u00e9xito y que podamos seguir juntos construyendo el futuro de todos\u201d concluy\u00f3.<\/strong><\/p>\n\n\n\n<p><strong>\u201cEsto es un puntapi\u00e9 para seguir creciendo, trabajamos codo a codo con el Gobernador, y cuando lanzamos la Fundaci\u00f3n nos comprometimos con todos ustedes porque sabemos que emprender en Argentina no es f\u00e1cil\u201d, remarc\u00f3 al tomar la palabra Laura Sprovieri, presidente del Banco de Corrientes.<\/strong><\/p>\n\n\n\n<p><strong>\u201cQueremos que sigan avanzando y cuando terminen de pagar los cr\u00e9ditos les damos la oportunidad de volver a pedir otro porque creemos en todos ustedes\u201d, concluy\u00f3 Sprovieri.<\/strong><\/p>\n\n\n\n<p><strong>Por su parte, Lourdes D`arrigo, remarc\u00f3 el valor de las capacitaciones brindadas que \u201cda un puntamiento inicial, y es de gran ayuda para fortalecer sus emprendimientos\u201d, y a\u00f1adi\u00f3 que \u201cestos procesos nos llenan de orgullo, esperamos que les sea de gran provecho, y sigamos trabajando juntos\u201d.<\/strong><\/p>\n\n\n\n<p><strong>Datos del Programa<\/strong><\/p>\n\n\n\n<p>El programa, impulsado por la FUDECOR junto al Banco de Corrientes y el Gobierno provincial, promueve la inclusi\u00f3n financiera real con microcr\u00e9ditos de montos accesibles destinados a emprendedores que no pueden acceder al sistema bancario tradicional.<\/p>\n\n\n\n<p>Adem\u00e1s de los microcr\u00e9ditos, el programa entrega bienes de capital (equipamiento, herramientas) de forma no reembolsable, como por ejemplo m\u00e1quinas de sublimaci\u00f3n, aer\u00f3grafos, m\u00e1quinas de coser, equipamiento alimenticio, etc., proporcionadas a emprendedores en escuelas como artesanos, costureras, fot\u00f3grafos, herreros y productores locales. Equipos en sectores como panader\u00eda, jardiner\u00eda, textil, peluquer\u00eda, carpinter\u00eda y gastronom\u00eda tambi\u00e9n fueron entregados en localidades como Goya, Esquina y otras.<\/p>\n\n\n\n<p>El enfoque incluye desde asesoramiento contable, marketing digital, capacitaci\u00f3n t\u00e9cnica hasta apoyo para formulaci\u00f3n de proyectos y acceso a redes sociales o mercados digitales.<\/p>\n\n\n\n<p><strong>Presencias<\/strong><br>Acompa\u00f1aron en la jornada a las autoridades mencionadas, el vicepresidente primero del Senado, Henry Fick; el viceintendente de Curuz\u00fa Cuati\u00e1,&nbsp;Guillermo Morandini; ministros; secretarios; subsecretarios; legisladores provinciales; el secretario de Deportes de la Provincai, Jorge Terrile; presidente del Club de Curuz\u00fa Cuati\u00e1, Juan Manuel Alcorta; autoridades comunales; el intendente de Curuz\u00fa, Jos\u00e9 Irigoyen; el jefe comunal de Ituzaing\u00f3, Juan Pablo Vald\u00e9s y comunidad en general.<\/p>\n\n\n\n<p><\/p>\n\n\n\n<figure class=\"wp-block-image size-large\"><img loading=\"lazy\" decoding=\"async\" width=\"1024\" height=\"677\" src=\"https:\/\/corrientesdetarde.com\/wp-content\/uploads\/2025\/08\/image-854-1024x677.png\" alt=\"\" class=\"wp-image-223420\" srcset=\"https:\/\/corrientesdetarde.com\/wp-content\/uploads\/2025\/08\/image-854-1024x677.png 1024w, https:\/\/corrientesdetarde.com\/wp-content\/uploads\/2025\/08\/image-854-300x198.png 300w, https:\/\/corrientesdetarde.com\/wp-content\/uploads\/2025\/08\/image-854-768x508.png 768w, https:\/\/corrientesdetarde.com\/wp-content\/uploads\/2025\/08\/image-854.png 1271w\" sizes=\"auto, (max-width: 1024px) 100vw, 1024px\" \/><\/figure>\n\n\n\n<p><\/p>\n\n\n\n<p><\/p>\n","protected":false},"excerpt":{"rendered":"<p>En horas de la tarde de este mi\u00e9rcoles, el gobernador Gustavo Vald\u00e9s dej\u00f3 inaugurado el piso de parquet del Club deportivo y recreativo &#8220;Curuz\u00fa&#8221; y anunci\u00f3 la construcci\u00f3n de un&hellip; <\/p>\n","protected":false},"author":4,"featured_media":223421,"comment_status":"closed","ping_status":"open","sticky":false,"template":"","format":"standard","meta":{"footnotes":""},"categories":[1],"tags":[],"class_list":["post-223417","post","type-post","status-publish","format-standard","has-post-thumbnail","hentry","category-informacion-general"],"_links":{"self":[{"href":"https:\/\/corrientesdetarde.com\/index.php\/wp-json\/wp\/v2\/posts\/223417","targetHints":{"allow":["GET"]}}],"collection":[{"href":"https:\/\/corrientesdetarde.com\/index.php\/wp-json\/wp\/v2\/posts"}],"about":[{"href":"https:\/\/corrientesdetarde.com\/index.php\/wp-json\/wp\/v2\/types\/post"}],"author":[{"embeddable":true,"href":"https:\/\/corrientesdetarde.com\/index.php\/wp-json\/wp\/v2\/users\/4"}],"replies":[{"embeddable":true,"href":"https:\/\/corrientesdetarde.com\/index.php\/wp-json\/wp\/v2\/comments?post=223417"}],"version-history":[{"count":1,"href":"https:\/\/corrientesdetarde.com\/index.php\/wp-json\/wp\/v2\/posts\/223417\/revisions"}],"predecessor-version":[{"id":223422,"href":"https:\/\/corrientesdetarde.com\/index.php\/wp-json\/wp\/v2\/posts\/223417\/revisions\/223422"}],"wp:featuredmedia":[{"embeddable":true,"href":"https:\/\/corrientesdetarde.com\/index.php\/wp-json\/wp\/v2\/media\/223421"}],"wp:attachment":[{"href":"https:\/\/corrientesdetarde.com\/index.php\/wp-json\/wp\/v2\/media?parent=223417"}],"wp:term":[{"taxonomy":"category","embeddable":true,"href":"https:\/\/corrientesdetarde.com\/index.php\/wp-json\/wp\/v2\/categories?post=223417"},{"taxonomy":"post_tag","embeddable":true,"href":"https:\/\/corrientesdetarde.com\/index.php\/wp-json\/wp\/v2\/tags?post=223417"}],"curies":[{"name":"wp","href":"https:\/\/api.w.org\/{rel}","templated":true}]}}