{"id":223423,"date":"2025-08-21T06:16:55","date_gmt":"2025-08-21T09:16:55","guid":{"rendered":"https:\/\/corrientesdetarde.com\/?p=223423"},"modified":"2025-08-21T06:17:07","modified_gmt":"2025-08-21T09:17:07","slug":"juegos-correntinos-2025-capital-se-quedo-con-los-provinciales-de-futsal-femenino-voley-femenino-y-masculino","status":"publish","type":"post","link":"https:\/\/corrientesdetarde.com\/index.php\/deportes\/juegos-correntinos-2025-capital-se-quedo-con-los-provinciales-de-futsal-femenino-voley-femenino-y-masculino\/","title":{"rendered":"Juegos Correntinos 2025: Capital se qued\u00f3 con los provinciales de f\u00fatsal femenino, v\u00f3ley femenino y masculino"},"content":{"rendered":"\n<p><em>Con el objeto de clasificar a los equipos que representar\u00e1n a la Provincia en los Juegos Nacionales de Mar del Plata, la Secretar\u00eda de Deportes avanza a paso firme con la realizaci\u00f3n de las etapas provinciales de los \u201cJuegos Correntinos 2025\u201d.<\/em><\/p>\n\n\n\n<p>En esta oportunidad, y con la presentaci\u00f3n de seis equipos por cada una de los disciplinas deportivas, se jug\u00f3 al v\u00f3ley femenino y masculino (categor\u00eda sub15); y f\u00fatsal femenino (categor\u00eda sub16). \u00a0\u00a0<\/p>\n\n\n\n<figure class=\"wp-block-image size-large\"><img loading=\"lazy\" decoding=\"async\" width=\"1024\" height=\"671\" src=\"https:\/\/corrientesdetarde.com\/wp-content\/uploads\/2025\/08\/image-855-1024x671.png\" alt=\"\" class=\"wp-image-223424\" srcset=\"https:\/\/corrientesdetarde.com\/wp-content\/uploads\/2025\/08\/image-855-1024x671.png 1024w, https:\/\/corrientesdetarde.com\/wp-content\/uploads\/2025\/08\/image-855-300x197.png 300w, https:\/\/corrientesdetarde.com\/wp-content\/uploads\/2025\/08\/image-855-768x504.png 768w, https:\/\/corrientesdetarde.com\/wp-content\/uploads\/2025\/08\/image-855.png 1365w\" sizes=\"auto, (max-width: 1024px) 100vw, 1024px\" \/><\/figure>\n\n\n\n<p>En v\u00f3ley femenino se coron\u00f3 campe\u00f3n el representativo de Capital. La ronda de encuentros se complet\u00f3 con los equipos de: Goya, Virasoro, San Miguel, Monte Caseros y San Roque.<br><br>Capital tambi\u00e9n fue campe\u00f3n en f\u00fatsal femenino, compartiendo el provincial con: Ituzaing\u00f3, Mercedes, Esquina, Empedrado y Alvear.<\/p>\n\n\n\n<p>Y en v\u00f3ley masculino el representativo capitalino se impuso sobre: San Miguel, Goya, Paso de los Libres, Mocoret\u00e1 y San Roque. &nbsp;<\/p>\n\n\n\n<p>Cabe resaltar que para esta fase provincial, y al igual que en las etapas anteriores, hubo un enorme despliegue t\u00e9cnico, log\u00edstico y organizativo del personal de la Secretar\u00eda de Deportes de la Provincia.<\/p>\n\n\n\n<p>En ese sentido, el titular del \u00e1rea, Jorge Terrile, valor\u00f3 todo el apoyo del Gobernador Gustavo Vald\u00e9s para la realizaci\u00f3n de estas competencias clasificatorias para los Nacionales de Mar del Plata 2025 que se realizar\u00e1n del 29 de septiembre al 4 de octubre. &nbsp;&nbsp;<\/p>\n\n\n\n<p>\u201cGracias por el acompa\u00f1amiento constante y por la inversi\u00f3n que realiza el Gobierno de la Provincia en el deporte, lo que permite la organizaci\u00f3n de eventos de alto nivel y el desarrollo de atletas correntinos\u201d, enfatiz\u00f3.&nbsp;<\/p>\n\n\n\n<figure class=\"wp-block-image size-large\"><img loading=\"lazy\" decoding=\"async\" width=\"1024\" height=\"684\" src=\"https:\/\/corrientesdetarde.com\/wp-content\/uploads\/2025\/08\/image-856-1024x684.png\" alt=\"\" class=\"wp-image-223425\" srcset=\"https:\/\/corrientesdetarde.com\/wp-content\/uploads\/2025\/08\/image-856-1024x684.png 1024w, https:\/\/corrientesdetarde.com\/wp-content\/uploads\/2025\/08\/image-856-300x201.png 300w, https:\/\/corrientesdetarde.com\/wp-content\/uploads\/2025\/08\/image-856-768x513.png 768w, https:\/\/corrientesdetarde.com\/wp-content\/uploads\/2025\/08\/image-856.png 1351w\" sizes=\"auto, (max-width: 1024px) 100vw, 1024px\" \/><\/figure>\n","protected":false},"excerpt":{"rendered":"<p>Con el objeto de clasificar a los equipos que representar\u00e1n a la Provincia en los Juegos Nacionales de Mar del Plata, la Secretar\u00eda de Deportes avanza a paso firme con&hellip; <\/p>\n","protected":false},"author":4,"featured_media":223426,"comment_status":"closed","ping_status":"open","sticky":false,"template":"","format":"standard","meta":{"footnotes":""},"categories":[23,4],"tags":[],"class_list":["post-223423","post","type-post","status-publish","format-standard","has-post-thumbnail","hentry","category-actualidad","category-deportes"],"_links":{"self":[{"href":"https:\/\/corrientesdetarde.com\/index.php\/wp-json\/wp\/v2\/posts\/223423","targetHints":{"allow":["GET"]}}],"collection":[{"href":"https:\/\/corrientesdetarde.com\/index.php\/wp-json\/wp\/v2\/posts"}],"about":[{"href":"https:\/\/corrientesdetarde.com\/index.php\/wp-json\/wp\/v2\/types\/post"}],"author":[{"embeddable":true,"href":"https:\/\/corrientesdetarde.com\/index.php\/wp-json\/wp\/v2\/users\/4"}],"replies":[{"embeddable":true,"href":"https:\/\/corrientesdetarde.com\/index.php\/wp-json\/wp\/v2\/comments?post=223423"}],"version-history":[{"count":1,"href":"https:\/\/corrientesdetarde.com\/index.php\/wp-json\/wp\/v2\/posts\/223423\/revisions"}],"predecessor-version":[{"id":223427,"href":"https:\/\/corrientesdetarde.com\/index.php\/wp-json\/wp\/v2\/posts\/223423\/revisions\/223427"}],"wp:featuredmedia":[{"embeddable":true,"href":"https:\/\/corrientesdetarde.com\/index.php\/wp-json\/wp\/v2\/media\/223426"}],"wp:attachment":[{"href":"https:\/\/corrientesdetarde.com\/index.php\/wp-json\/wp\/v2\/media?parent=223423"}],"wp:term":[{"taxonomy":"category","embeddable":true,"href":"https:\/\/corrientesdetarde.com\/index.php\/wp-json\/wp\/v2\/categories?post=223423"},{"taxonomy":"post_tag","embeddable":true,"href":"https:\/\/corrientesdetarde.com\/index.php\/wp-json\/wp\/v2\/tags?post=223423"}],"curies":[{"name":"wp","href":"https:\/\/api.w.org\/{rel}","templated":true}]}}