{"id":223428,"date":"2025-08-21T06:24:31","date_gmt":"2025-08-21T09:24:31","guid":{"rendered":"https:\/\/corrientesdetarde.com\/?p=223428"},"modified":"2025-08-21T06:24:35","modified_gmt":"2025-08-21T09:24:35","slug":"valdes-entrego-1-000-notebooks-a-estudiantes-curuzucuatenos-y-adelanto-que-se-distribuiran-800-mas","status":"publish","type":"post","link":"https:\/\/corrientesdetarde.com\/index.php\/locales\/valdes-entrego-1-000-notebooks-a-estudiantes-curuzucuatenos-y-adelanto-que-se-distribuiran-800-mas\/","title":{"rendered":"Vald\u00e9s entreg\u00f3 1.000 notebooks a estudiantes curuzucuate\u00f1os y adelant\u00f3 que se distribuir\u00e1n 800 m\u00e1s"},"content":{"rendered":"\n<p>Con el objetivo de continuar fortaleciendo la educaci\u00f3n p\u00fablica en Corrientes, el gobernador Gustavo Vald\u00e9s junto a la ministra de Educaci\u00f3n de la Provincia, Pr\u00e1xedes L\u00f3pez, entreg\u00f3 este mi\u00e9rcoles notebooks del Programa Incluir Futuro a estudiantes establecimientos escolares de Curuz\u00fa Cuati\u00e1. Adem\u00e1s, adelant\u00f3 que \u201cestaremos entregando otras 800 m\u00e1s la semana que viene, para que todos los alumnos del nivel secundario de la localidad tengan su propio dispositivo\u201d.<\/p>\n\n\n\n<p>Del total de las computadoras entregadas en la mencionada ciudad, se distribuyeron entre los alumnos del primero, segundo y tercer a\u00f1o del Colegio Secundario \u201cGeneral Manuel Belgrano\u201d y la Escuela T\u00e9cnica \u201cIngeniero Juan Jos\u00e9 G\u00f3mez Araujo\u201d. El acto tuvo lugar en el Club San Mart\u00edn de Curuz\u00fa.<\/p>\n\n\n\n<p>\u201cEl mundo est\u00e1 cambiando r\u00e1pido y a lo mejor uno no se da cuenta, pero est\u00e1n apareciendo nuevas tecnolog\u00edas y comenzamos a cambiar hace poco las formas de educar, cuando de repente nos toc\u00f3 una pandemia y nos dimos cuenta que ten\u00edamos que ten\u00edamos que educar de otra forma y adaptarnos a una nueva realidad mundial, que era la conectividad\u201d, reflexion\u00f3 Vald\u00e9s al tomar la palabra en la entrega de noteboks. Record\u00f3 que \u201cpor primera vez nos toc\u00f3 desaf\u00edos que nos llevaba a ense\u00f1ar fuera del aula, donde los padres nos dimos cuenta cu\u00e1nto valen nuestros docentes y todo lo que hacen cada d\u00eda por por la educaci\u00f3n\u201d.<\/p>\n\n\n\n<p>As\u00ed fue que \u201csalimos a generar contenidos ya que hace 5 a\u00f1os no hab\u00edan plataformas p\u00fablicas para educar: el conocimiento estaba desperdigado por la red y lo que hicimos justamente con Incluir Futuro fue sistematizar el conocimiento con algunos videos u otras herramientas, de manera que sepamos exactamente lo que buscamos en esta base\u201d, explic\u00f3 el Gobernador dando paso a uno de los videos que se encuentra en EducaPlay.&nbsp; Al finalizar, continu\u00f3 y dijo al respecto que \u201dnos introduce a todos por igual al conocimiento\u201d.<\/p>\n\n\n\n<p>A modo de repaso, inform\u00f3 que \u201cllevamos entregadas 120 mil notebooks que conectan a nuestros alumnos de Corrientes a trav\u00e9s de este Programa\u201d. Remarc\u00f3 espec\u00edficamente que \u201choy estamos entregando 1.000 y la semana que estaremos haciendo lo propio con otras 800, de manera que todos los a\u00f1os del nivel secundario de Curuz\u00fa Cuati\u00e1, van a contar con computadoras\u201d.<\/p>\n\n\n\n<p><strong>&#8220;Preparados&#8221;&nbsp;para un nuevo dilema educativo<\/strong><\/p>\n\n\n\n<p>Asimismo, el primer Mandatario incentiv\u00f3 a que \u201ctodos los alumnos que sepan programar y que tengan conocimiento, que se involucren, porque son computadoras para sus casas, desde donde van acceder realmente a otro mundo\u201d. Asegur\u00f3 que \u201ces la primera vez que tenemos profesores en al aula con alumnos que tienen acceso a todo el conocimiento, as\u00ed que a la vez, es un nuevo dilema educativo que no lo ten\u00edamos hace unos 5 a\u00f1os, pero estamos preparados\u201d.<\/p>\n\n\n\n<p>Por su parte, la ministra de Educaci\u00f3n, Pr\u00e1xedes L\u00f3pez, expres\u00f3 que \u201ccada vez que entregamos computadoras a lo largo de la Provincia nos llena de satisfacci\u00f3n, porque sabemos que estamos cumpliendo con una premisa que nos determin\u00f3 el Gobernador al inicio, no solo en la entrega de notebooks, sino tambi\u00e9n en la realizaci\u00f3n de los contenidos audiovisuales\u201d. Destac\u00f3 la creaci\u00f3n de la Subsecretar\u00eda de Contenidos Audiovisuales, que \u201cpermiti\u00f3 que escale entre docentes y alumnos, porque no solo en las plataformas se encuentran los contenidos para todos los cursos, hoy tambi\u00e9n pueden acceder a los de cualquier espacio curricular, de las materias transversales, y adem\u00e1s encuentran ah\u00ed ayudas did\u00e1cticas para todo ello\u201d.<\/p>\n\n\n\n<p>A los estudiantes, le dijo que \u201cllevan hoy una poderos\u00edsima herramienta, que los va a incluir al conocimiento, permitirles empezar a trabajar de otra manera, a desarrollar esas capacidades que necesitamos para el futuro y que nos obliga el presente\u201d.<\/p>\n\n\n\n<p>El viceintendente de Curuz\u00fa Cuati\u00e1, Guillermo Morandini, se\u00f1al\u00f3 en la ocasi\u00f3n, que \u201ces un privilegio recibir en esta oportunidad las notebooks del Programa Incluir Futuro, ya que se trata de una herramienta que si la usan bien les va a servir para capacitarse, formarse, para ser el d\u00eda de ma\u00f1ana hombres y mujeres de bien, y hoy un estudiante con posibilidades\u201d. Valor\u00f3 que \u201cno todos los estudiantes cuentan las posibilidades que tiene la provincia de Corrientes, de que cada uno tenga una computadora que los conecta con el mundo\u201d.<\/p>\n\n\n\n<p>La rectora del Colegio Secundario \u201cManuel Belgrano&#8221;, Laura S\u00e1nchez, remarc\u00f3 en su momento el compromiso por parte del Ministerio de Educaci\u00f3n al brindar estas herramientas tecnol\u00f3gicas, que \u201cacercan la modernizaci\u00f3n a los alumnos de cada instituci\u00f3n de la localidad\u201d. Adem\u00e1s, Gimena L\u00f3pez, alumna de dicho establecimiento, habl\u00f3 de la importancia de invertir en la educaci\u00f3n p\u00fablica.<\/p>\n\n\n\n<p>Se encontraban presentes tambi\u00e9n, los ministros de Coordinaci\u00f3n y Planificaci\u00f3n, Miguel Olivieri; de Desarrollo Social, Ad\u00e1n Gaya; Seguridad, Alfredo Vallejos; de Justicia, Juan Jos\u00e9 L\u00f3pez Desimoni; el vicepresidente primero de la C\u00e1mara de Senadores de la Provincia, Henry Fick; el intendente de Curuz\u00fa Cuati\u00e1, Jos\u00e9 Irigoyen, entre otros.<\/p>\n","protected":false},"excerpt":{"rendered":"<p>Con el objetivo de continuar fortaleciendo la educaci\u00f3n p\u00fablica en Corrientes, el gobernador Gustavo Vald\u00e9s junto a la ministra de Educaci\u00f3n de la Provincia, Pr\u00e1xedes L\u00f3pez, entreg\u00f3 este mi\u00e9rcoles notebooks&hellip; <\/p>\n","protected":false},"author":4,"featured_media":223429,"comment_status":"closed","ping_status":"open","sticky":false,"template":"","format":"standard","meta":{"footnotes":""},"categories":[8],"tags":[],"class_list":["post-223428","post","type-post","status-publish","format-standard","has-post-thumbnail","hentry","category-locales"],"_links":{"self":[{"href":"https:\/\/corrientesdetarde.com\/index.php\/wp-json\/wp\/v2\/posts\/223428","targetHints":{"allow":["GET"]}}],"collection":[{"href":"https:\/\/corrientesdetarde.com\/index.php\/wp-json\/wp\/v2\/posts"}],"about":[{"href":"https:\/\/corrientesdetarde.com\/index.php\/wp-json\/wp\/v2\/types\/post"}],"author":[{"embeddable":true,"href":"https:\/\/corrientesdetarde.com\/index.php\/wp-json\/wp\/v2\/users\/4"}],"replies":[{"embeddable":true,"href":"https:\/\/corrientesdetarde.com\/index.php\/wp-json\/wp\/v2\/comments?post=223428"}],"version-history":[{"count":1,"href":"https:\/\/corrientesdetarde.com\/index.php\/wp-json\/wp\/v2\/posts\/223428\/revisions"}],"predecessor-version":[{"id":223430,"href":"https:\/\/corrientesdetarde.com\/index.php\/wp-json\/wp\/v2\/posts\/223428\/revisions\/223430"}],"wp:featuredmedia":[{"embeddable":true,"href":"https:\/\/corrientesdetarde.com\/index.php\/wp-json\/wp\/v2\/media\/223429"}],"wp:attachment":[{"href":"https:\/\/corrientesdetarde.com\/index.php\/wp-json\/wp\/v2\/media?parent=223428"}],"wp:term":[{"taxonomy":"category","embeddable":true,"href":"https:\/\/corrientesdetarde.com\/index.php\/wp-json\/wp\/v2\/categories?post=223428"},{"taxonomy":"post_tag","embeddable":true,"href":"https:\/\/corrientesdetarde.com\/index.php\/wp-json\/wp\/v2\/tags?post=223428"}],"curies":[{"name":"wp","href":"https:\/\/api.w.org\/{rel}","templated":true}]}}