{"id":223431,"date":"2025-08-21T06:26:29","date_gmt":"2025-08-21T09:26:29","guid":{"rendered":"https:\/\/corrientesdetarde.com\/?p=223431"},"modified":"2025-08-21T06:26:40","modified_gmt":"2025-08-21T09:26:40","slug":"vamos-corrientes-aposto-a-continuar-la-transformacion-de-sauce","status":"publish","type":"post","link":"https:\/\/corrientesdetarde.com\/index.php\/destacados\/vamos-corrientes-aposto-a-continuar-la-transformacion-de-sauce\/","title":{"rendered":"Vamos Corrientes apost\u00f3 a continuar la transformaci\u00f3n de Sauce"},"content":{"rendered":"\n<p>Vamos Corrientes realiz\u00f3 este mi\u00e9rcoles al mediod\u00eda un acto de campa\u00f1a en la ciudad de Sauce, donde qued\u00f3 plasmado el apoyo del oficialismo provincial a la f\u00f3rmula local para la intendencia de Carlos Romano e Irma Obreg\u00f3n, quienes van por&nbsp;su reelecci\u00f3n. All\u00ed el candidato a gobernador Juan Pablo Vald\u00e9s se comprometi\u00f3 a que la localidad &#8220;siga creciendo&#8221; con nuevas 50 cuadras de asfalto y m\u00e1s viviendas, entre otras obras. Tambi\u00e9n se ratific\u00f3 all\u00ed&nbsp;el compromiso de completar el arreglo de la ruta nacional 126 mediante recursos provinciales.<\/p>\n\n\n\n<p>Al tomar la palabra en este acto, el gobernador Gustavo Vald\u00e9s dijo que &#8220;estamos llevando el progreso a cada uno de los rincones de la provincia, en un rato estaremos en Cazadores Correntinos, un nuevo municipio que junto al intendente de Curuz\u00fa Cuati\u00e1 le dimos vida. Y antes pareciera que aqu\u00ed Sauce estaba en el olvido, la ruta nacional 126 estaba en muy mal estado y le propusimos al Gobierno nacional hacer un acuerdo, nosotros cumplimos nuestra parte y ahora nos vamos a hacer cargo de lo que le correspond\u00eda a Naci\u00f3n, porque tenemos un fuerte compromiso con los sauce\u00f1os y el Gobierno de la Provincia va a terminar esa ruta nacional&#8221;.<\/p>\n\n\n\n<p>Luego explic\u00f3 que &#8220;pudimos llevar pavimento a todos los municipios porque desde el Estado logramos un trabajo eficiente con plantas propias de asfalto y hormig\u00f3n. Y as\u00ed como vamos a terminar esta ruta nacional con recursos provinciales para que Sauce tenga en buenas condiciones su acceso, lo mismo hicimos con la ruta nacional 117 que la estaremos inaugurando&nbsp;la semana que viene&#8221;.<\/p>\n\n\n\n<p>&#8220;Y aqu\u00ed en Sauce no hay Gobierno provincial que haya invertido m\u00e1s en infraestructura que nosotros&#8221;, sostuvo luego, indicando que &#8220;hicimos el instituto terciario, asfalto y muchas otras obras, porque tenemos a Sauce en el coraz\u00f3n de Corrientes y lo que ahora estamos trayendo ahora aqu\u00ed es modernizaci\u00f3n con conectividad digital con fibra \u00f3ptica. Y esto es fundamental para muchas cosas, pero sobre todo para garantizar educaci\u00f3n p\u00fablica de calidad para todos porque en toda la provincia ya entregamos 120 mil computadoras a cada alumno&#8221;.<\/p>\n\n\n\n<p>Por su parte, Juan Pablo Vald\u00e9s dijo que &#8220;veo a Sauce que est\u00e1 creciendo y no me queda dudas que junto a Carlos Romano e Irma Obreg\u00f3n, seguir\u00e1 creciendo y no ser\u00e1 nuevamente olvidada como antes. Hoy vine hasta aqu\u00ed con todo este equipo a decirles que quiero ser el pr\u00f3ximo gobernador de la provincia. Y en estos siete a\u00f1os y medio, nosotros logramos hacer transformaciones y superar adversidades como la pandemia, los incendios y las inundaciones, porque desde Vamos Corrientes, siempre estuvimos para toda la gente,&nbsp;porque este es el \u00fanico espacio que tiene un proyecto que desarrolla y transforma el futuro de los correntinos con cuatro compromisos claves: equilibrio fiscal, modernizaci\u00f3n, obras de infraestructura y darle valor agregado a nuestra materia prima&#8221;.<\/p>\n\n\n\n<p>&#8220;Y para Sauce mi compromiso para los pr\u00f3ximos cuatro a\u00f1os junto a Carlos Romano e Irma Obreg\u00f3n es hacer 50 cuadras de asfalto, m\u00e1s todas aquellas que el municipio le coloque cord\u00f3n cuneta y la mayor cantidad posible de viviendas O\u00f1ondiv\u00e9. Sabemos que se puede, porque podemos hacerlo juntos. Tenemos un equipo, experiencia y un plan para la transformaci\u00f3n de Corrientes&#8221;, concluy\u00f3.<\/p>\n\n\n\n<p>En tanto, el intendente Juan Carlos Romero agradeci\u00f3 al gobernador Gustavo Vald\u00e9s por &#8220;todo lo que hizo por Sauce&#8221; y resalt\u00f3 &#8220;el trabajo en equipo tanto con la provincia como a nivel local&#8221;, mientras que la viceintendente Irma Obreg\u00f3n resalt\u00f3 la presencia de vecinos en el acto, indicando que &#8220;eso habla del apoyo a nuestra alianza, porque la gente elige lo que le representa, lo que le da tranquilidad y nosotros transmitimos esa tranquilidad, porque en este tiempo venimos trabajando para los sauce\u00f1os, transformando la ciudad, pero tambi\u00e9n brindando ayuda cuando hubo inundaciones e incendios y el gobernador Gustavo Vald\u00e9s siempre estuvo con nosotros&#8221;.<\/p>\n","protected":false},"excerpt":{"rendered":"<p>Vamos Corrientes realiz\u00f3 este mi\u00e9rcoles al mediod\u00eda un acto de campa\u00f1a en la ciudad de Sauce, donde qued\u00f3 plasmado el apoyo del oficialismo provincial a la f\u00f3rmula local para la&hellip; <\/p>\n","protected":false},"author":4,"featured_media":223432,"comment_status":"closed","ping_status":"open","sticky":false,"template":"","format":"standard","meta":{"footnotes":""},"categories":[26],"tags":[],"class_list":["post-223431","post","type-post","status-publish","format-standard","has-post-thumbnail","hentry","category-destacados"],"_links":{"self":[{"href":"https:\/\/corrientesdetarde.com\/index.php\/wp-json\/wp\/v2\/posts\/223431","targetHints":{"allow":["GET"]}}],"collection":[{"href":"https:\/\/corrientesdetarde.com\/index.php\/wp-json\/wp\/v2\/posts"}],"about":[{"href":"https:\/\/corrientesdetarde.com\/index.php\/wp-json\/wp\/v2\/types\/post"}],"author":[{"embeddable":true,"href":"https:\/\/corrientesdetarde.com\/index.php\/wp-json\/wp\/v2\/users\/4"}],"replies":[{"embeddable":true,"href":"https:\/\/corrientesdetarde.com\/index.php\/wp-json\/wp\/v2\/comments?post=223431"}],"version-history":[{"count":1,"href":"https:\/\/corrientesdetarde.com\/index.php\/wp-json\/wp\/v2\/posts\/223431\/revisions"}],"predecessor-version":[{"id":223433,"href":"https:\/\/corrientesdetarde.com\/index.php\/wp-json\/wp\/v2\/posts\/223431\/revisions\/223433"}],"wp:featuredmedia":[{"embeddable":true,"href":"https:\/\/corrientesdetarde.com\/index.php\/wp-json\/wp\/v2\/media\/223432"}],"wp:attachment":[{"href":"https:\/\/corrientesdetarde.com\/index.php\/wp-json\/wp\/v2\/media?parent=223431"}],"wp:term":[{"taxonomy":"category","embeddable":true,"href":"https:\/\/corrientesdetarde.com\/index.php\/wp-json\/wp\/v2\/categories?post=223431"},{"taxonomy":"post_tag","embeddable":true,"href":"https:\/\/corrientesdetarde.com\/index.php\/wp-json\/wp\/v2\/tags?post=223431"}],"curies":[{"name":"wp","href":"https:\/\/api.w.org\/{rel}","templated":true}]}}