{"id":223434,"date":"2025-08-21T06:28:02","date_gmt":"2025-08-21T09:28:02","guid":{"rendered":"https:\/\/corrientesdetarde.com\/?p=223434"},"modified":"2025-08-21T06:28:06","modified_gmt":"2025-08-21T09:28:06","slug":"ante-una-velada-artistica-valdes-inauguro-la-reapertura-del-teatro-cervantes","status":"publish","type":"post","link":"https:\/\/corrientesdetarde.com\/index.php\/destacados\/ante-una-velada-artistica-valdes-inauguro-la-reapertura-del-teatro-cervantes\/","title":{"rendered":"Ante una velada art\u00edstica, Vald\u00e9s inaugur\u00f3 la reapertura del Teatro Cervantes"},"content":{"rendered":"\n<p><strong><em>Para concluir con la agenda en el interior provincial, en la fachada de la Asociaci\u00f3n Espa\u00f1ola de Curuz\u00fa Cuati\u00e1, el gobernador Gustavo Vald\u00e9s habilit\u00f3 la reapertura del Teatro Cervantes donde revaloriz\u00f3 la importancia de visibilizar las huellas de la cultura correntina. En la oportunidad, tras el corte de cinta se llev\u00f3 adelante el estreno de la obra in\u00e9dita &#8220;Teatro Cervantes Renace\u201d.<\/em><\/strong><\/p>\n\n\n\n<p>Como corolario de sus actividades en la ciudad de Curuz\u00fa Cuati\u00e1, el gobernador Gustavo Vald\u00e9s encabez\u00f3 la reapertura oficial del Teatro Cervantes -ubicado en la sede de la Asociaci\u00f3n Espa\u00f1ola- en el marco del programa \u201cHermanos del Vera\u201d, que promueve la refacci\u00f3n y puesta en valor de salas y teatros del interior provincial y fue ideado por el Teatro Oficial Juan de Vera. Asimismo, se realiz\u00f3 el estreno de la obra in\u00e9dita \u201cTeatro Cervantes Renace\u201d.<\/p>\n\n\n\n<p>El acto se desarroll\u00f3 en la fachada de la Asociaci\u00f3n Espa\u00f1ola, ubicada en Rivadavia 738, y cont\u00f3 con la presencia del viceintendente local, Guillermo Morandini, autoridades provinciales y municipales, legisladores nacionales y provinciales, intendentes del interior y la directora general del Teatro Oficial Juan de Vera, Lourdes S\u00e1nchez, adem\u00e1s de vecinos y p\u00fablico en general. La invocaci\u00f3n religiosa y bendici\u00f3n de las flamantes obras estuvo a cargo del di\u00e1cono Ignacio Reggi.<\/p>\n\n\n\n<figure class=\"wp-block-image size-large\"><img loading=\"lazy\" decoding=\"async\" width=\"1024\" height=\"669\" src=\"https:\/\/corrientesdetarde.com\/wp-content\/uploads\/2025\/08\/image-857-1024x669.png\" alt=\"\" class=\"wp-image-223435\" srcset=\"https:\/\/corrientesdetarde.com\/wp-content\/uploads\/2025\/08\/image-857-1024x669.png 1024w, https:\/\/corrientesdetarde.com\/wp-content\/uploads\/2025\/08\/image-857-300x196.png 300w, https:\/\/corrientesdetarde.com\/wp-content\/uploads\/2025\/08\/image-857-768x502.png 768w, https:\/\/corrientesdetarde.com\/wp-content\/uploads\/2025\/08\/image-857.png 1359w\" sizes=\"auto, (max-width: 1024px) 100vw, 1024px\" \/><\/figure>\n\n\n\n<p><strong>Gobernador Vald\u00e9s<\/strong><\/p>\n\n\n\n<p>\u201cInvertir en cultura es un compromiso de nuestra gesti\u00f3n, porque la cultura es la perfecci\u00f3n del esp\u00edritu y nos permite que un artista nos transmita sus emociones, sentimientos y vivencias\u201d, manifest\u00f3 como introducci\u00f3n a su discurso el gobernador Gustavo Vald\u00e9s, se\u00f1alando que en su momento \u201cnos comprometimos a hacer a nuevo el Teatro Cervantes, una obra que emociona y que la vamos a llevar siempre en el coraz\u00f3n\u201d.<\/p>\n\n\n\n<p>Para Vald\u00e9s, fue importante el convenio suscripto oportunamente con la municipalidad local, que permiti\u00f3 avanzar en esta obra que refleja la \u201chuella de nuestra cultura, de lo que somos y hacia donde debemos ir\u201d.<\/p>\n\n\n\n<p>Seguidamente, el mandatario record\u00f3 que, en tiempos de pandemia, \u201ccomenzamos a hacer el nuevo Teatro Vera\u201d y luego, remarc\u00f3: \u201cconvocamos a Lourdes S\u00e1nchez, una correntina que acept\u00f3 el desaf\u00edo para poder culminar esa obra maravillosa, conjuntamente con la gesti\u00f3n del ministro de Obras y Servicios P\u00fablicos, Claudio Polich\u201d.<\/p>\n\n\n\n<p>Y Vald\u00e9s fue m\u00e1s all\u00e1 y con tono elocuente dijo: \u201cNos dijimos que deb\u00edamos salir al interior para llegar a los otros Teatros y lo hicimos y lo estamos haciendo de la mano del mano del programa Los Hermanos del Vera\u201d, y cerr\u00f3 sus palabras destacando que el Cervantes representa \u201cm\u00e1s de cien a\u00f1os de historia de la comunidad y sabemos que con profunda emoci\u00f3n van a disfrutar de este espacio maravilloso\u201d.<\/p>\n\n\n\n<p><strong>Lourdes S\u00e1nchez<\/strong><\/p>\n\n\n\n<p>Con emoci\u00f3n a flor de piel, la directora general del Teatro Oficial Juan de Vera, Lourdes S\u00e1nchez, expres\u00f3 que Curuz\u00fa Cuati\u00e1 es una ciudad que respira historia y tradici\u00f3n, en donde hace 100 a\u00f1os nac\u00eda el Teatro Cervantes, un lugar en donde el arte encontr\u00f3 su voz. \u201cTraemos este abrazo de los Hermanos del Vera, afecto cultural que une ciudades, corazones y arte, que no reconoce fronteras\u201d, sentenci\u00f3.<\/p>\n\n\n\n<p>A su vez, S\u00e1nchez remarc\u00f3 que la gesti\u00f3n del gobernador Gustavo Vald\u00e9s asigna a la cultura un lugar \u201cprioritario, entendiendo que es un derecho al que debe acceder cualquier comunidad\u201d.<\/p>\n\n\n\n<p>Luego, agradeci\u00f3 a los trabajadores, t\u00e9cnicos, artistas y funcionarios que hicieron posible esta gran puesta en valor e invit\u00f3 a todos a llenar estas butacas y a ocupar este escenario para que el \u201cCervantes vuelva a latir todos los d\u00edas y siga siendo parte de del patrimonio hist\u00f3rico\u201d.<\/p>\n\n\n\n<p><strong>Viceintendente Morandini<\/strong><\/p>\n\n\n\n<p>A su turno, el viceintendente de Curuz\u00fa Cuati\u00e1, Guillermo Morandini, dijo con orgullo que \u201choy, el coraz\u00f3n de nuestra cultura vuelve a latir con fuerza, con nuestro amado Teatro Cervantes reabriendo sus puertas\u201d, siendo el mismo un refugio de la cultura, un punto de encuentro y fuente de inspiraci\u00f3n.<\/p>\n\n\n\n<p>Recordando la historia del Teatro Cervantes, Morandini coment\u00f3 que comenz\u00f3 su construcci\u00f3n el 6 de noviembre de 1912 e inaugurado el 2 de agosto de 1914. Luego, estuvo alquilado por la municipalidad desde el 10 de febrero de 1981 hasta el 31 de marzo de 2018. \u201cDesde esa fecha trabajamos en la gesti\u00f3n de su recuperaci\u00f3n, que culmina con esta reapertura que es hist\u00f3rica\u201d, subray\u00f3 al respecto.<\/p>\n\n\n\n<p>Morandini aprovech\u00f3 el acto para agradecer en nombre de toda la comunidad curuzucuate\u00f1a, al Gobierno de la Provincia y a la Fundaci\u00f3n del Teatro Vera, por el apoyo para hacer realidad este sue\u00f1o.<\/p>\n\n\n\n<p><strong>Las obras<\/strong><\/p>\n\n\n\n<p>Cabe resaltar que el programa \u201cHermanos del Vera\u201d tiene como objetivo mejorar la infraestructura y los espacios f\u00edsicos para que el sector cultural para que las comunidades del interior puedan producir, exhibir y hacer circular sus expresiones art\u00edsticas.<\/p>\n\n\n\n<p>En este sentido, el Gobierno de Corrientes despleg\u00f3 en la Sala del Teatro Cervantes en la Asociaci\u00f3n Espa\u00f1ola, refacciones en el auditorio, reutiliz\u00e1ndose el piso de pinotea original, con reparaci\u00f3n y reubicaci\u00f3n de las butacas en sala y del balc\u00f3n del primer piso. Todo con cambio de cueros en un 85%<\/p>\n\n\n\n<p>En la parte de escenario se reemplaz\u00f3 el piso de madera, rescatando la madera de pinotea original en buenas condiciones. Se colocaron telones nuevos en el frente, reemplaz\u00e1ndose las patas en los laterales del escenario y las luminarias sobre uno de los barrales existentes. Tambi\u00e9n se repararon los ba\u00f1os a nuevo, con redistribuci\u00f3n de los artefactos sanitarios y paredes y revestimientos de los pisos.<\/p>\n\n\n\n<p>Los camarines fueron acondicionados con refrigeraci\u00f3n, mobiliario, mientras que en el hall de acceso se realizaron trabajos de pintura y reparaci\u00f3n de revoques, la fachada fue pintada a nuevo, con reparaci\u00f3n de las puertas de madera originales.<\/p>\n\n\n\n<p>Sobre los laterales del auditorio se colocaron revestimientos ac\u00fasticos y equipos de refrigeraci\u00f3n y deshumidificaci\u00f3n en forma de torres, para no alterar la est\u00e9tica del teatro.<\/p>\n\n\n\n<p>Se efectu\u00f3 el tendido el\u00e9ctrico en todas sus partes, refrigeraci\u00f3n genera en auditorio con equipos de baja silueta. Desag\u00fces cloacales nuevos desde el \u00faltimo ba\u00f1o hasta el tendido de red, desag\u00fces pluviales nuevos hasta la calzada. Reparaci\u00f3n de canaletas en los muros de fachadas. Limpieza general, restauraci\u00f3n de sus aberturas de madera. Retiros de pisos en veredas existentes con ejecuci\u00f3n de contrapisos y colocaci\u00f3n de pisos nuevos. En el patio lateral derecho, demolici\u00f3n de pisos y contrapisos existentes. Ejecuci\u00f3n de hormig\u00f3n, estampado en pisos y nuevo tendido de iluminaci\u00f3n y pinturas. Rejas y portones de accesos en la fachada lateral. Restauraci\u00f3n de escaleras a primer piso y revoques. Provisi\u00f3n de paneles termoac\u00fasticos, restauraci\u00f3n de ara\u00f1a principal y ejecuci\u00f3n de parquizaci\u00f3n, entre otros<\/p>\n\n\n\n<p>Por su parte, el Teatro Oficial Juan de Vera don\u00f3 parte de su equipamiento escenot\u00e9cnico en desuso, tras las obras de refacci\u00f3n y puesta en valor.<\/p>\n\n\n\n<p><strong>El \u201cTeatro Cervantes Renace\u201d<\/strong><\/p>\n\n\n\n<p>Posteriormente y tal cual lo programado, &nbsp;se exhibi\u00f3 la obra \u201cTeatro Cervantes Renace\u201d, bajo direcci\u00f3n de Edu Gondell y Maria Laura Cattalini, con una intervenci\u00f3n art\u00edstica de danzas flamencas por Roberto Rodr\u00edguez y el ballet \u201cLas majas de Concordia\u201d, que cont\u00f3 con una especial puesta en escena en la remozada sala.<\/p>\n\n\n\n<p>Participaron de la obra, Antonio Tarrag\u00f3 Ros e integrantes de la Orquesta Sinf\u00f3nica de la Provincia bajo direcci\u00f3n de la maestra Andrea Fusco, en un concierto con especial repertorio. El cierre, fue de la mano del grupo Irundy.<\/p>\n","protected":false},"excerpt":{"rendered":"<p>Para concluir con la agenda en el interior provincial, en la fachada de la Asociaci\u00f3n Espa\u00f1ola de Curuz\u00fa Cuati\u00e1, el gobernador Gustavo Vald\u00e9s habilit\u00f3 la reapertura del Teatro Cervantes donde&hellip; <\/p>\n","protected":false},"author":4,"featured_media":223436,"comment_status":"closed","ping_status":"open","sticky":false,"template":"","format":"standard","meta":{"footnotes":""},"categories":[26],"tags":[],"class_list":["post-223434","post","type-post","status-publish","format-standard","has-post-thumbnail","hentry","category-destacados"],"_links":{"self":[{"href":"https:\/\/corrientesdetarde.com\/index.php\/wp-json\/wp\/v2\/posts\/223434","targetHints":{"allow":["GET"]}}],"collection":[{"href":"https:\/\/corrientesdetarde.com\/index.php\/wp-json\/wp\/v2\/posts"}],"about":[{"href":"https:\/\/corrientesdetarde.com\/index.php\/wp-json\/wp\/v2\/types\/post"}],"author":[{"embeddable":true,"href":"https:\/\/corrientesdetarde.com\/index.php\/wp-json\/wp\/v2\/users\/4"}],"replies":[{"embeddable":true,"href":"https:\/\/corrientesdetarde.com\/index.php\/wp-json\/wp\/v2\/comments?post=223434"}],"version-history":[{"count":1,"href":"https:\/\/corrientesdetarde.com\/index.php\/wp-json\/wp\/v2\/posts\/223434\/revisions"}],"predecessor-version":[{"id":223437,"href":"https:\/\/corrientesdetarde.com\/index.php\/wp-json\/wp\/v2\/posts\/223434\/revisions\/223437"}],"wp:featuredmedia":[{"embeddable":true,"href":"https:\/\/corrientesdetarde.com\/index.php\/wp-json\/wp\/v2\/media\/223436"}],"wp:attachment":[{"href":"https:\/\/corrientesdetarde.com\/index.php\/wp-json\/wp\/v2\/media?parent=223434"}],"wp:term":[{"taxonomy":"category","embeddable":true,"href":"https:\/\/corrientesdetarde.com\/index.php\/wp-json\/wp\/v2\/categories?post=223434"},{"taxonomy":"post_tag","embeddable":true,"href":"https:\/\/corrientesdetarde.com\/index.php\/wp-json\/wp\/v2\/tags?post=223434"}],"curies":[{"name":"wp","href":"https:\/\/api.w.org\/{rel}","templated":true}]}}