{"id":223438,"date":"2025-08-21T06:30:46","date_gmt":"2025-08-21T09:30:46","guid":{"rendered":"https:\/\/corrientesdetarde.com\/?p=223438"},"modified":"2025-08-21T06:30:50","modified_gmt":"2025-08-21T09:30:50","slug":"una-multitud-peronista-mostro-apoyo-a-vamos-corrientes","status":"publish","type":"post","link":"https:\/\/corrientesdetarde.com\/index.php\/politica\/una-multitud-peronista-mostro-apoyo-a-vamos-corrientes\/","title":{"rendered":"Una multitud peronista mostr\u00f3 apoyo a Vamos Corrientes"},"content":{"rendered":"\n<p>Este mi\u00e9rcoles a la noche, Vamos Corrientes recibi\u00f3 el apoyo multitudinario de varios sectores peronistas en un acto realizado en el Sindicato de Luz y Fuerza de la capital provincial. &#8220;Este es un acto reivindicatorio a toda la militancia de espacios pol\u00edticos que quedaron relegados de hace mucho tiempo por parte de los dirigentes del Partido Justicialista y que hoy se convoc\u00f3 aqu\u00ed porque va a trabajar para que Juan Pablo Vald\u00e9s sea gobernador y Claudio Polich intendente&#8221;, afirmaron en la ocasi\u00f3n.<\/p>\n\n\n\n<figure class=\"wp-block-image size-large\"><img loading=\"lazy\" decoding=\"async\" width=\"1024\" height=\"770\" src=\"https:\/\/corrientesdetarde.com\/wp-content\/uploads\/2025\/08\/image-858-1024x770.png\" alt=\"\" class=\"wp-image-223440\" srcset=\"https:\/\/corrientesdetarde.com\/wp-content\/uploads\/2025\/08\/image-858-1024x770.png 1024w, https:\/\/corrientesdetarde.com\/wp-content\/uploads\/2025\/08\/image-858-300x226.png 300w, https:\/\/corrientesdetarde.com\/wp-content\/uploads\/2025\/08\/image-858-768x577.png 768w, https:\/\/corrientesdetarde.com\/wp-content\/uploads\/2025\/08\/image-858.png 1205w\" sizes=\"auto, (max-width: 1024px) 100vw, 1024px\" \/><\/figure>\n\n\n\n<p><\/p>\n\n\n\n<p>Al respecto, Polich dijo que &#8220;estamos en un acto organizado por las bases del peronismo y nos invitaron a participar y toda una multitud que se convoca aqu\u00ed en el Sindicato de Luz y Fuerza apoyando a Vamos Corrientes y nosotros estamos aqu\u00ed para seguir transmitiendo nuestro mensaje vinculado al desarrollo&#8221;. Consultado sobre similitudes con el radicalismo, Polich consider\u00f3 que &#8220;tenemos el mismo origen con el peronismo, ambos tenemos historias similares y esto hace que nos hayamos enfrentado democr\u00e1ticamente en distintas oportunidades en el pa\u00eds, disput\u00e1ndose el voto popular. Para nosotros ahora es una satisfacci\u00f3n que podamos contar entre nuestras filas como candidatos a dirigentes del partido justicialista, sino tambi\u00e9n a las bases del peronismo, porque tenemos un origen com\u00fan, hablamos el mismo idioma y todos queremos lo mejor para Corrientes.<\/p>\n\n\n\n<p>Por su parte, el secretario general de Camioneros, Ram\u00f3n &#8220;Wallace&#8221; D\u00edaz afirm\u00f3 que &#8220;hoy nos encontramos presentes apoyando este proyecto que nosotros creemos que como trabajadores es lo que nos merecemos los correntinos porque tambi\u00e9n somos ciudadanos y la verdad que lo que viene realizando este gobierno, a trav\u00e9s del gobernador Gustavo Vald\u00e9s y el intendente Eduardo Tassano, quienes ahora son\u00a0candidatos a la legislatura provincial, estoy seguro que van a reafirmar ese liderazgo para continuar desarrollado Corrientes&#8221;. Agreg\u00f3 que &#8220;es lo mejor que nos est\u00e1 pasando como trabajadores, lo que invirtieron en infraestructura, como ser cord\u00f3n cuneta, enripiados, asfaltos, eso a nosotros como trabajadores camioneros, al tener mejor infraestructura en las calles, podemos brindar un buen servicio, ya sea en el correo, clearing, mudanzas, repartos de bebidas y dem\u00e1s traslados. Eso lo valoramos mucho y por eso hoy estamos apoyando firmemente a Vamos Corrientes y confiamos en que van a seguir desarrollando la provincia y esta ciudad&#8221;.<\/p>\n\n\n\n<figure class=\"wp-block-image size-large\"><img loading=\"lazy\" decoding=\"async\" width=\"1024\" height=\"783\" src=\"https:\/\/corrientesdetarde.com\/wp-content\/uploads\/2025\/08\/image-859-1024x783.png\" alt=\"\" class=\"wp-image-223441\" srcset=\"https:\/\/corrientesdetarde.com\/wp-content\/uploads\/2025\/08\/image-859-1024x783.png 1024w, https:\/\/corrientesdetarde.com\/wp-content\/uploads\/2025\/08\/image-859-300x229.png 300w, https:\/\/corrientesdetarde.com\/wp-content\/uploads\/2025\/08\/image-859-768x587.png 768w, https:\/\/corrientesdetarde.com\/wp-content\/uploads\/2025\/08\/image-859.png 1180w\" sizes=\"auto, (max-width: 1024px) 100vw, 1024px\" \/><\/figure>\n\n\n\n<p>En tanto, Agust\u00edn Payes afirm\u00f3 que &#8220;sin lugar a dudas una gran parte del peronismo est\u00e1 con Vamos Corrientes, este es un acto reivindicatorio a toda la militancia de espacios pol\u00edticos que quedaron relegados de hace mucho tiempo por parte de los dirigentes del Partido Justicialista, y que progresivamente fueron encontrando en Vamos Corrientes la respuesta a las necesidades que plantean la gente, como ser obras en los barrios, salud, educaci\u00f3n y otras que nos fue dando el gobernador Gustavo Vald\u00e9s a lo largo de todo este tiempo para todos&#8221;.<\/p>\n\n\n\n<p>&#8220;Hoy estamos en un acto pol\u00edtico que evidencia que hay muchos sectores peronistas que no encontraban d\u00f3nde ubicarse y que encontr\u00f3 las puertas abiertas con el gobernador Vald\u00e9s, pudiendo hacer lo que nos gusta, que es pol\u00edtica, y la multitud que hoy se convoc\u00f3 aqu\u00ed va a trabajar para que Juan Pablo Vald\u00e9s sea gobernador y Claudio Polich intendente&#8221;.<\/p>\n\n\n\n<p>Tambi\u00e9n fueron oradores en este acto: los candidatos a viceintendente Ariel B\u00e1ez; a diputado provincial Eduardo Tassano; a concejal Emilio Lanari; a diputado nacional Di\u00f3genes Gonz\u00e1lez, y el dirigente radical Ricardo Pacios.<\/p>\n","protected":false},"excerpt":{"rendered":"<p>Este mi\u00e9rcoles a la noche, Vamos Corrientes recibi\u00f3 el apoyo multitudinario de varios sectores peronistas en un acto realizado en el Sindicato de Luz y Fuerza de la capital provincial.&hellip; <\/p>\n","protected":false},"author":4,"featured_media":223439,"comment_status":"closed","ping_status":"open","sticky":false,"template":"","format":"standard","meta":{"footnotes":""},"categories":[3],"tags":[],"class_list":["post-223438","post","type-post","status-publish","format-standard","has-post-thumbnail","hentry","category-politica"],"_links":{"self":[{"href":"https:\/\/corrientesdetarde.com\/index.php\/wp-json\/wp\/v2\/posts\/223438","targetHints":{"allow":["GET"]}}],"collection":[{"href":"https:\/\/corrientesdetarde.com\/index.php\/wp-json\/wp\/v2\/posts"}],"about":[{"href":"https:\/\/corrientesdetarde.com\/index.php\/wp-json\/wp\/v2\/types\/post"}],"author":[{"embeddable":true,"href":"https:\/\/corrientesdetarde.com\/index.php\/wp-json\/wp\/v2\/users\/4"}],"replies":[{"embeddable":true,"href":"https:\/\/corrientesdetarde.com\/index.php\/wp-json\/wp\/v2\/comments?post=223438"}],"version-history":[{"count":1,"href":"https:\/\/corrientesdetarde.com\/index.php\/wp-json\/wp\/v2\/posts\/223438\/revisions"}],"predecessor-version":[{"id":223442,"href":"https:\/\/corrientesdetarde.com\/index.php\/wp-json\/wp\/v2\/posts\/223438\/revisions\/223442"}],"wp:featuredmedia":[{"embeddable":true,"href":"https:\/\/corrientesdetarde.com\/index.php\/wp-json\/wp\/v2\/media\/223439"}],"wp:attachment":[{"href":"https:\/\/corrientesdetarde.com\/index.php\/wp-json\/wp\/v2\/media?parent=223438"}],"wp:term":[{"taxonomy":"category","embeddable":true,"href":"https:\/\/corrientesdetarde.com\/index.php\/wp-json\/wp\/v2\/categories?post=223438"},{"taxonomy":"post_tag","embeddable":true,"href":"https:\/\/corrientesdetarde.com\/index.php\/wp-json\/wp\/v2\/tags?post=223438"}],"curies":[{"name":"wp","href":"https:\/\/api.w.org\/{rel}","templated":true}]}}