{"id":223444,"date":"2025-08-21T08:14:30","date_gmt":"2025-08-21T11:14:30","guid":{"rendered":"https:\/\/corrientesdetarde.com\/?p=223444"},"modified":"2025-08-21T08:14:41","modified_gmt":"2025-08-21T11:14:41","slug":"dos-motochorros-hirieron-a-una-anciana-y-estarian-identificados","status":"publish","type":"post","link":"https:\/\/corrientesdetarde.com\/index.php\/informacion-general\/dos-motochorros-hirieron-a-una-anciana-y-estarian-identificados\/","title":{"rendered":"Dos motochorros hirieron a una anciana y estar\u00edan identificados"},"content":{"rendered":"\n<p>Dos delincuentes en motocicleta asaltaron a una anciana y al momento de robarle una cartera la arrojaron al piso, provoc\u00e1ndole heridas en la cadera. Ayer, la Polic\u00eda allan\u00f3 viviendas de los presuntos ladrones. Sin embargo, pese al amplio despliegue no pudieron localizarlos.<\/p>\n\n\n\n<p><\/p>\n\n\n\n<p>Los sospechosos cuentan con muchos antecedentes penales vinculados a hurtos y, en particular, sustracci\u00f3n de motocicletas como arrebatos en la v\u00eda p\u00fablica.<\/p>\n\n\n\n<p>La mujer, de 72 a\u00f1os, guardaba reposo luego del mal momento padecido el domingo a la siesta cuando caminaba en una esquina del barrio Ba\u00f1ado Norte.<\/p>\n\n\n\n<p>Malvivientes en una motocicleta roja, sin patente colocada, la agredieron en Felipe Cabral y Santiago del Estero.<\/p>\n\n\n\n<p>Con una demostraci\u00f3n de extremada violencia arrebataron el bolso que conten\u00eda un tel\u00e9fono celular, documentaciones y la suma en efectivo de 20 mil pesos.<\/p>\n\n\n\n<p>Ante el grave episodio intervinieron efectivos de la comisar\u00eda seccional Sexta.<\/p>\n\n\n\n<p>Durante el paso de las horas, los efectivos abocados a tratar de esclarecer el il\u00edcito obtuvieron las identidades de los presuntos malvivientes.<\/p>\n\n\n\n<p>En este sentido trascendi\u00f3 que los sospechosos en el reciente arrebato ser\u00edan Brian Leonardo C. y Fabi\u00e1n Javier C., alias &#8220;Planeta&#8221;, ambos residentes del barrio Quinta Ferr\u00e9.<\/p>\n\n\n\n<p>La reuni\u00f3n de evidencia junto a la Unidad Fiscal de Investigaciones Concretas deriv\u00f3 en la solicitud de allanamientos, finalmente otorgadas por el Juzgado de Garant\u00edas.<\/p>\n\n\n\n<p>La comisario inspector Anal\u00eda Esquivel, jefe de la seccional Sexta, encabez\u00f3 los procedimientos realizados de manera simult\u00e1nea, con el acompa\u00f1amiento patrulla de la mencionada dependencia y de la Divisi\u00f3n Polic\u00eda de Alto Riesgo.<\/p>\n\n\n\n<p>&#8220;Planeta&#8221; no estaba en su domicilio, pero s\u00ed un hermano que tambi\u00e9n cuenta con prontuario vinculado a distintos il\u00edcitos. Esta persona de 20 a\u00f1os fue demorada para averiguaci\u00f3n de sus antecedentes m\u00e1s cercanos y saber si alguien ped\u00eda su captura.<\/p>\n\n\n\n<p>Por otra parte, Brian tampoco fue encontrado en su vivienda. De todas maneras, ambas propiedades debieron ser registradas en detalle a la b\u00fasqueda de los objetos sustra\u00eddos o bien de la motocicleta empleada para cometer el arrebato.<\/p>\n\n\n\n<p>De acuerdo a la informaci\u00f3n vertida a diario \u00e9poca precisa que la causa continuar\u00e1 hasta dar con los sospechosos.<\/p>\n\n\n\n<p>En tanto, la septuagenaria continuaba reponi\u00e9ndose de las lesiones causadas por los arrebatadores.<\/p>\n\n\n\n<p><\/p>\n","protected":false},"excerpt":{"rendered":"<p>Dos delincuentes en motocicleta asaltaron a una anciana y al momento de robarle una cartera la arrojaron al piso, provoc\u00e1ndole heridas en la cadera. Ayer, la Polic\u00eda allan\u00f3 viviendas de&hellip; <\/p>\n","protected":false},"author":1,"featured_media":223449,"comment_status":"closed","ping_status":"open","sticky":false,"template":"","format":"standard","meta":{"footnotes":""},"categories":[1],"tags":[],"class_list":["post-223444","post","type-post","status-publish","format-standard","has-post-thumbnail","hentry","category-informacion-general"],"_links":{"self":[{"href":"https:\/\/corrientesdetarde.com\/index.php\/wp-json\/wp\/v2\/posts\/223444","targetHints":{"allow":["GET"]}}],"collection":[{"href":"https:\/\/corrientesdetarde.com\/index.php\/wp-json\/wp\/v2\/posts"}],"about":[{"href":"https:\/\/corrientesdetarde.com\/index.php\/wp-json\/wp\/v2\/types\/post"}],"author":[{"embeddable":true,"href":"https:\/\/corrientesdetarde.com\/index.php\/wp-json\/wp\/v2\/users\/1"}],"replies":[{"embeddable":true,"href":"https:\/\/corrientesdetarde.com\/index.php\/wp-json\/wp\/v2\/comments?post=223444"}],"version-history":[{"count":1,"href":"https:\/\/corrientesdetarde.com\/index.php\/wp-json\/wp\/v2\/posts\/223444\/revisions"}],"predecessor-version":[{"id":223450,"href":"https:\/\/corrientesdetarde.com\/index.php\/wp-json\/wp\/v2\/posts\/223444\/revisions\/223450"}],"wp:featuredmedia":[{"embeddable":true,"href":"https:\/\/corrientesdetarde.com\/index.php\/wp-json\/wp\/v2\/media\/223449"}],"wp:attachment":[{"href":"https:\/\/corrientesdetarde.com\/index.php\/wp-json\/wp\/v2\/media?parent=223444"}],"wp:term":[{"taxonomy":"category","embeddable":true,"href":"https:\/\/corrientesdetarde.com\/index.php\/wp-json\/wp\/v2\/categories?post=223444"},{"taxonomy":"post_tag","embeddable":true,"href":"https:\/\/corrientesdetarde.com\/index.php\/wp-json\/wp\/v2\/tags?post=223444"}],"curies":[{"name":"wp","href":"https:\/\/api.w.org\/{rel}","templated":true}]}}