{"id":223445,"date":"2025-08-21T08:00:20","date_gmt":"2025-08-21T11:00:20","guid":{"rendered":"https:\/\/corrientesdetarde.com\/?p=223445"},"modified":"2025-08-21T08:19:29","modified_gmt":"2025-08-21T11:19:29","slug":"encontraron-muerto-al-hombre-que-llevaba-cuatro-dias-desaparecido","status":"publish","type":"post","link":"https:\/\/corrientesdetarde.com\/index.php\/destacados\/encontraron-muerto-al-hombre-que-llevaba-cuatro-dias-desaparecido\/","title":{"rendered":"Encontraron muerto al hombre que llevaba cinco d\u00edas desaparecido"},"content":{"rendered":"\n<p>Tras estar&nbsp;<strong>desaparecido&nbsp;<\/strong>cinco d\u00edas,&nbsp;<strong>Nazareno Romero&nbsp;<\/strong>fue encontrado&nbsp;<strong>muerto&nbsp;<\/strong>el mi\u00e9rcoles en&nbsp;<strong>Paso de Patria<\/strong>. Este jueves se conocieron los&nbsp;<strong>resultados&nbsp;<\/strong>de la&nbsp;<strong>autopsia&nbsp;<\/strong>practicada para averiguar las&nbsp;<strong>causas&nbsp;<\/strong>de su muerte.<\/p>\n\n\n\n<p><a href=\"https:\/\/www.ellitoral.com.ar\/policiales\/2025-8-20-17-27-0-hallaron-sin-vida-al-hombre-que-estaba-desaparecido-en-paso-de-la-patria\"><\/a><\/p>\n\n\n\n<p>Cabe recordar que el cuerpo de&nbsp;<strong>Romero&nbsp;<\/strong>fue&nbsp;<strong>encontrado&nbsp;<\/strong>durante un&nbsp;<strong>rastrillaje&nbsp;<\/strong>de&nbsp;<strong>bomberos<\/strong>, a ra\u00edz de las precipitaciones de ese d\u00eda, en un zanj\u00f3n ubicado en el&nbsp;<strong>barrio Setia&nbsp;<\/strong>de la localidad mencionada.<\/p>\n\n\n\n<p>Tras el hallazgo intervino la&nbsp;<strong>Polic\u00eda de Corrientes&nbsp;<\/strong>y el&nbsp;<strong>Juzgado&nbsp;<\/strong>de turno, que realizaron las diligencias pertinentes para luego dejar paso al&nbsp;<strong>equipo forense<\/strong>.<\/p>\n\n\n\n<h2 class=\"wp-block-heading\">Los resultados de la autopsia<\/h2>\n\n\n\n<p>El director del&nbsp;<strong>Instituto M\u00e9dico Forense<\/strong>,&nbsp;<strong>doctor G\u00e1lvez<\/strong>, inform\u00f3 los resultados de la&nbsp;<strong>autopsia m\u00e9dico-legal<\/strong>. El informe sugiere que la causa de la muerte de Romero, de 47 a\u00f1os, se relaciona a una&nbsp;<strong>asfixia por inmersi\u00f3n<\/strong>.<\/p>\n\n\n\n<p>Por otro lado,&nbsp;<strong>no se registraron&nbsp;<\/strong>evidencias de&nbsp;<strong>traumas&nbsp;<\/strong>ni&nbsp;<strong>lesiones&nbsp;<\/strong>significativas. Adem\u00e1s, se esperan los resultados del&nbsp;<strong>an\u00e1lisis toxicol\u00f3gico&nbsp;<\/strong>para continuar con la investigaci\u00f3n y confirmar la hip\u00f3tesis del informe.<\/p>\n","protected":false},"excerpt":{"rendered":"<p>Tras estar&nbsp;desaparecido&nbsp;cinco d\u00edas,&nbsp;Nazareno Romero&nbsp;fue encontrado&nbsp;muerto&nbsp;el mi\u00e9rcoles en&nbsp;Paso de Patria. Este jueves se conocieron los&nbsp;resultados&nbsp;de la&nbsp;autopsia&nbsp;practicada para averiguar las&nbsp;causas&nbsp;de su muerte. Cabe recordar que el cuerpo de&nbsp;Romero&nbsp;fue&nbsp;encontrado&nbsp;durante un&nbsp;rastrillaje&nbsp;de&nbsp;bomberos, a ra\u00edz de&hellip; <\/p>\n","protected":false},"author":1,"featured_media":223446,"comment_status":"closed","ping_status":"open","sticky":false,"template":"","format":"standard","meta":{"footnotes":""},"categories":[26],"tags":[],"class_list":["post-223445","post","type-post","status-publish","format-standard","has-post-thumbnail","hentry","category-destacados"],"_links":{"self":[{"href":"https:\/\/corrientesdetarde.com\/index.php\/wp-json\/wp\/v2\/posts\/223445","targetHints":{"allow":["GET"]}}],"collection":[{"href":"https:\/\/corrientesdetarde.com\/index.php\/wp-json\/wp\/v2\/posts"}],"about":[{"href":"https:\/\/corrientesdetarde.com\/index.php\/wp-json\/wp\/v2\/types\/post"}],"author":[{"embeddable":true,"href":"https:\/\/corrientesdetarde.com\/index.php\/wp-json\/wp\/v2\/users\/1"}],"replies":[{"embeddable":true,"href":"https:\/\/corrientesdetarde.com\/index.php\/wp-json\/wp\/v2\/comments?post=223445"}],"version-history":[{"count":2,"href":"https:\/\/corrientesdetarde.com\/index.php\/wp-json\/wp\/v2\/posts\/223445\/revisions"}],"predecessor-version":[{"id":223452,"href":"https:\/\/corrientesdetarde.com\/index.php\/wp-json\/wp\/v2\/posts\/223445\/revisions\/223452"}],"wp:featuredmedia":[{"embeddable":true,"href":"https:\/\/corrientesdetarde.com\/index.php\/wp-json\/wp\/v2\/media\/223446"}],"wp:attachment":[{"href":"https:\/\/corrientesdetarde.com\/index.php\/wp-json\/wp\/v2\/media?parent=223445"}],"wp:term":[{"taxonomy":"category","embeddable":true,"href":"https:\/\/corrientesdetarde.com\/index.php\/wp-json\/wp\/v2\/categories?post=223445"},{"taxonomy":"post_tag","embeddable":true,"href":"https:\/\/corrientesdetarde.com\/index.php\/wp-json\/wp\/v2\/tags?post=223445"}],"curies":[{"name":"wp","href":"https:\/\/api.w.org\/{rel}","templated":true}]}}