{"id":223453,"date":"2025-08-21T09:53:43","date_gmt":"2025-08-21T12:53:43","guid":{"rendered":"https:\/\/corrientesdetarde.com\/?p=223453"},"modified":"2025-08-21T10:22:54","modified_gmt":"2025-08-21T13:22:54","slug":"mato-a-su-padre-y-lo-guardo-una-semana-en-la-heladera","status":"publish","type":"post","link":"https:\/\/corrientesdetarde.com\/index.php\/crimen-y-justicia\/mato-a-su-padre-y-lo-guardo-una-semana-en-la-heladera\/","title":{"rendered":"Mat\u00f3 a su padre y lo guard\u00f3 una semana en la heladera"},"content":{"rendered":"\n<p>La ciudad de Resistencia fue escenario de un macabro hallazgo en la madrugada de este jueves. Rogelio Gauna, de 65 a\u00f1os, fue encontrado sin vida dentro de una heladera en su vivienda del barrio V\u00e9lez Sarsfield. Por el hecho qued\u00f3 detenido su propio hijo, M.A.G, de 27 a\u00f1os, acusado de haberlo asesinado tras una discusi\u00f3n.<\/p>\n\n\n\n<p><\/p>\n\n\n\n<p>El caso sali\u00f3 a la luz luego de que otro hijo de la v\u00edctima, denunciara ante la Comisar\u00eda 11\u00aa que hac\u00eda una semana no ten\u00eda noticias de su padre. Con la denuncia se activ\u00f3 el protocolo de b\u00fasqueda de personas.<\/p>\n\n\n\n<p>Al llegar al domicilio de Rogelio Gauna, los efectivos constataron la presencia del cuerpo sin vida dentro de una heladera. En el lugar se encontraba tambi\u00e9n el hijo menor de la v\u00edctima, quien en un primer momento brind\u00f3 distintas versiones sobre lo ocurrido, pero finalmente confes\u00f3 haberlo ahorcado el jueves pasado durante una discusi\u00f3n por la venta de bienes familiares para consumir drogas.<\/p>\n","protected":false},"excerpt":{"rendered":"<p>La ciudad de Resistencia fue escenario de un macabro hallazgo en la madrugada de este jueves. Rogelio Gauna, de 65 a\u00f1os, fue encontrado sin vida dentro de una heladera en&hellip; <\/p>\n","protected":false},"author":1,"featured_media":223458,"comment_status":"closed","ping_status":"open","sticky":false,"template":"","format":"standard","meta":{"footnotes":""},"categories":[5,8],"tags":[],"class_list":["post-223453","post","type-post","status-publish","format-standard","has-post-thumbnail","hentry","category-crimen-y-justicia","category-locales"],"_links":{"self":[{"href":"https:\/\/corrientesdetarde.com\/index.php\/wp-json\/wp\/v2\/posts\/223453","targetHints":{"allow":["GET"]}}],"collection":[{"href":"https:\/\/corrientesdetarde.com\/index.php\/wp-json\/wp\/v2\/posts"}],"about":[{"href":"https:\/\/corrientesdetarde.com\/index.php\/wp-json\/wp\/v2\/types\/post"}],"author":[{"embeddable":true,"href":"https:\/\/corrientesdetarde.com\/index.php\/wp-json\/wp\/v2\/users\/1"}],"replies":[{"embeddable":true,"href":"https:\/\/corrientesdetarde.com\/index.php\/wp-json\/wp\/v2\/comments?post=223453"}],"version-history":[{"count":1,"href":"https:\/\/corrientesdetarde.com\/index.php\/wp-json\/wp\/v2\/posts\/223453\/revisions"}],"predecessor-version":[{"id":223459,"href":"https:\/\/corrientesdetarde.com\/index.php\/wp-json\/wp\/v2\/posts\/223453\/revisions\/223459"}],"wp:featuredmedia":[{"embeddable":true,"href":"https:\/\/corrientesdetarde.com\/index.php\/wp-json\/wp\/v2\/media\/223458"}],"wp:attachment":[{"href":"https:\/\/corrientesdetarde.com\/index.php\/wp-json\/wp\/v2\/media?parent=223453"}],"wp:term":[{"taxonomy":"category","embeddable":true,"href":"https:\/\/corrientesdetarde.com\/index.php\/wp-json\/wp\/v2\/categories?post=223453"},{"taxonomy":"post_tag","embeddable":true,"href":"https:\/\/corrientesdetarde.com\/index.php\/wp-json\/wp\/v2\/tags?post=223453"}],"curies":[{"name":"wp","href":"https:\/\/api.w.org\/{rel}","templated":true}]}}